{"id":25544,"date":"2022-02-16T12:21:17","date_gmt":"2022-02-16T11:21:17","guid":{"rendered":"https:\/\/rentaload.com\/2022\/02\/16\/rentaload-present-a-kickstart-europe-le-march-14-15\/"},"modified":"2022-04-06T05:54:50","modified_gmt":"2022-04-06T03:54:50","slug":"rentaload-present-a-kickstart-europe-le-march-14-15","status":"publish","type":"post","link":"https:\/\/rentaload.com\/de\/2022\/02\/16\/rentaload-present-a-kickstart-europe-le-march-14-15\/","title":{"rendered":"Rentaload auf der Kickstart Europe am 14. und 15. M\u00e4rz vertreten"},"content":{"rendered":"<div class=\"fusion-fullwidth fullwidth-box fusion-builder-row-1 fusion-flex-container nonhundred-percent-fullwidth non-hundred-percent-height-scrolling\" style=\"--awb-border-radius-top-left:0px;--awb-border-radius-top-right:0px;--awb-border-radius-bottom-right:0px;--awb-border-radius-bottom-left:0px;--awb-flex-wrap:wrap;\" ><div class=\"fusion-builder-row fusion-row fusion-flex-align-items-flex-start fusion-flex-content-wrap\" style=\"max-width:1144px;margin-left: calc(-4% \/ 2 );margin-right: calc(-4% \/ 2 );\"><div class=\"fusion-layout-column fusion_builder_column fusion-builder-column-0 fusion_builder_column_1_1 1_1 fusion-flex-column\" style=\"--awb-bg-size:cover;--awb-width-large:100%;--awb-margin-top-large:0px;--awb-spacing-right-large:1.92%;--awb-margin-bottom-large:20px;--awb-spacing-left-large:1.92%;--awb-width-medium:100%;--awb-order-medium:0;--awb-spacing-right-medium:1.92%;--awb-spacing-left-medium:1.92%;--awb-width-small:100%;--awb-order-small:0;--awb-spacing-right-small:1.92%;--awb-spacing-left-small:1.92%;\"><div class=\"fusion-column-wrapper fusion-column-has-shadow fusion-flex-justify-content-flex-start fusion-content-layout-column\"><div class=\"fusion-text fusion-text-1\" style=\"--awb-text-transform:none;\"><p>Das Rentaload-Team wird <strong>am 14. und 15. M\u00e4rz 2022<\/strong> auf der <a href=\"https:\/\/www.kickstartconf.eu\/\">KICKSTART Europe-<\/a> Veranstaltung in Amsterdam anwesend sein.<\/p>\n<p>Wenn Sie anwesend sind und uns treffen m\u00f6chten, kontaktieren Sie uns bitte vor der Veranstaltung, um einen Termin unter der folgenden E-Mail-Adresse zu vereinbaren: <a href=\"mailto:contact@rentaload.com.\">contact@rentaload.com.<\/a><\/p>\n<h2>ALLES, WAS SIE \u00dcBER DIE VERANSTALTUNG WISSEN M\u00dcSSEN<\/h2>\n<p>KickStart Europe ist die j\u00e4hrliche Strategie- und Networking-Konferenz zu Trends und Investitionen in digitale Technologien und Infrastrukturen. Kickstart Europe bringt zu Beginn des Jahres eine Vielzahl von Branchenexperten zusammen und untersucht aufkommende Trends und Technologien, die die digitale Industrie und die digitale Cloud, Konnektivit\u00e4t und Rechenzentrumsinfrastruktur pr\u00e4gen.<\/p>\n<p>Die Konferenz bietet viele Networking-M\u00f6glichkeiten. Verpassen Sie also nicht dieses wichtige Treffen der Branche.<\/p>\n<p>Schlie\u00dfen Sie sich F\u00fchrungskr\u00e4ften von Iron Mountain, NIBC, Global Switch, CBRE, EdgeConnex, EXA Infrastructure und vielen anderen Branchenexperten an.<\/p>\n<p><strong><a href=\"https:\/\/www.kickstartconf.eu\/program.html\">&gt;Siehe das Programm.<\/a><\/strong><\/p>\n<h2>6 Gr\u00fcnde zur Teilnahme<\/h2>\n<ol>\n<li>Treffen Sie viele <strong>C-Level-Entscheider<\/strong><\/li>\n<li>Internationales Publikum, <strong>europ\u00e4ische Ausrichtung<\/strong><\/li>\n<li>Holen Sie sich die <strong>neuesten Erkenntnisse<\/strong> von Branchenexperten<\/li>\n<li>Ab Anfang des Jahres<\/li>\n<li><strong>Einfache Reise<\/strong> nach Amsterdam<\/li>\n<li>Von der Branche <strong>f\u00fcr die Branche<\/strong><\/li>\n<\/ol>\n<p>Wir hoffen, euch dort zu sehen!<\/p>\n<p>Um einen Termin zu vereinbaren oder weitere Informationen zu erhalten, <a href=\"https:\/\/rentaload.com\/de\/kontakt\/\">kontaktieren Sie uns.<\/a><\/p>\n<\/div><\/div><\/div><\/div><\/div>\n","protected":false},"excerpt":{"rendered":"","protected":false},"author":10,"featured_media":23719,"comment_status":"closed","ping_status":"open","sticky":false,"template":"","format":"standard","meta":{"footnotes":""},"categories":[1614],"tags":[],"class_list":["post-25544","post","type-post","status-publish","format-standard","has-post-thumbnail","hentry","category-nicht-klassifiziert"],"yoast_head":"<!-- This site is optimized with the Yoast SEO plugin v27.4 - https:\/\/yoast.com\/product\/yoast-seo-wordpress\/ -->\n<title>RENTALOAD : Rentaload auf der Kickstart Europe am 14. und 15. M\u00e4rz vertreten -<\/title>\n<meta name=\"description\" content=\"Entdecken Sie die Kundenreferenz von Dalkia nach einem von Rentaload f\u00fcr ein Rechenzentrum im Januar 2021 erbrachten Service\" \/>\n<meta name=\"robots\" content=\"index, follow, max-snippet:-1, max-image-preview:large, max-video-preview:-1\" \/>\n<link rel=\"canonical\" href=\"https:\/\/rentaload.com\/de\/2022\/02\/16\/rentaload-present-a-kickstart-europe-le-march-14-15\/\" \/>\n<meta property=\"og:locale\" content=\"de_DE\" \/>\n<meta property=\"og:type\" content=\"article\" \/>\n<meta property=\"og:title\" content=\"RENTALOAD : Rentaload auf der Kickstart Europe am 14. und 15. M\u00e4rz vertreten -\" \/>\n<meta property=\"og:description\" content=\"Entdecken Sie die Kundenreferenz von Dalkia nach einem von Rentaload f\u00fcr ein Rechenzentrum im Januar 2021 erbrachten Service\" \/>\n<meta property=\"og:url\" content=\"https:\/\/rentaload.com\/de\/2022\/02\/16\/rentaload-present-a-kickstart-europe-le-march-14-15\/\" \/>\n<meta property=\"og:site_name\" content=\"Rentaload\" \/>\n<meta property=\"article:published_time\" content=\"2022-02-16T11:21:17+00:00\" \/>\n<meta property=\"article:modified_time\" content=\"2022-04-06T03:54:50+00:00\" \/>\n<meta property=\"og:image\" content=\"https:\/\/rentaload.com\/wp-content\/uploads\/2022\/03\/kickstart-2022-400x201-1.jpg\" \/>\n\t<meta property=\"og:image:width\" content=\"400\" \/>\n\t<meta property=\"og:image:height\" content=\"201\" \/>\n\t<meta property=\"og:image:type\" content=\"image\/jpeg\" \/>\n<meta name=\"author\" content=\"adminMalala\" \/>\n<meta name=\"twitter:card\" content=\"summary_large_image\" \/>\n<meta name=\"twitter:label1\" content=\"Verfasst von\" \/>\n\t<meta name=\"twitter:data1\" content=\"adminMalala\" \/>\n\t<meta name=\"twitter:label2\" content=\"Gesch\u00e4tzte Lesezeit\" \/>\n\t<meta name=\"twitter:data2\" content=\"4\u00a0Minuten\" \/>\n<script type=\"application\/ld+json\" class=\"yoast-schema-graph\">{\"@context\":\"https:\\\/\\\/schema.org\",\"@graph\":[{\"@type\":\"Article\",\"@id\":\"https:\\\/\\\/rentaload.com\\\/de\\\/2022\\\/02\\\/16\\\/rentaload-present-a-kickstart-europe-le-march-14-15\\\/#article\",\"isPartOf\":{\"@id\":\"https:\\\/\\\/rentaload.com\\\/de\\\/2022\\\/02\\\/16\\\/rentaload-present-a-kickstart-europe-le-march-14-15\\\/\"},\"author\":{\"name\":\"adminMalala\",\"@id\":\"https:\\\/\\\/rentaload.com\\\/de\\\/#\\\/schema\\\/person\\\/1df518d42217cef3f1f4af1c1c7aedf4\"},\"headline\":\"Rentaload auf der Kickstart Europe am 14. und 15. M\u00e4rz vertreten\",\"datePublished\":\"2022-02-16T11:21:17+00:00\",\"dateModified\":\"2022-04-06T03:54:50+00:00\",\"mainEntityOfPage\":{\"@id\":\"https:\\\/\\\/rentaload.com\\\/de\\\/2022\\\/02\\\/16\\\/rentaload-present-a-kickstart-europe-le-march-14-15\\\/\"},\"wordCount\":821,\"publisher\":{\"@id\":\"https:\\\/\\\/rentaload.com\\\/de\\\/#organization\"},\"image\":{\"@id\":\"https:\\\/\\\/rentaload.com\\\/de\\\/2022\\\/02\\\/16\\\/rentaload-present-a-kickstart-europe-le-march-14-15\\\/#primaryimage\"},\"thumbnailUrl\":\"https:\\\/\\\/rentaload.com\\\/wp-content\\\/uploads\\\/2022\\\/03\\\/kickstart-2022-400x201-1.jpg\",\"articleSection\":[\"Nicht klassifiziert\"],\"inLanguage\":\"de\"},{\"@type\":\"WebPage\",\"@id\":\"https:\\\/\\\/rentaload.com\\\/de\\\/2022\\\/02\\\/16\\\/rentaload-present-a-kickstart-europe-le-march-14-15\\\/\",\"url\":\"https:\\\/\\\/rentaload.com\\\/de\\\/2022\\\/02\\\/16\\\/rentaload-present-a-kickstart-europe-le-march-14-15\\\/\",\"name\":\"RENTALOAD : Rentaload auf der Kickstart Europe am 14. und 15. M\u00e4rz vertreten -\",\"isPartOf\":{\"@id\":\"https:\\\/\\\/rentaload.com\\\/de\\\/#website\"},\"primaryImageOfPage\":{\"@id\":\"https:\\\/\\\/rentaload.com\\\/de\\\/2022\\\/02\\\/16\\\/rentaload-present-a-kickstart-europe-le-march-14-15\\\/#primaryimage\"},\"image\":{\"@id\":\"https:\\\/\\\/rentaload.com\\\/de\\\/2022\\\/02\\\/16\\\/rentaload-present-a-kickstart-europe-le-march-14-15\\\/#primaryimage\"},\"thumbnailUrl\":\"https:\\\/\\\/rentaload.com\\\/wp-content\\\/uploads\\\/2022\\\/03\\\/kickstart-2022-400x201-1.jpg\",\"datePublished\":\"2022-02-16T11:21:17+00:00\",\"dateModified\":\"2022-04-06T03:54:50+00:00\",\"description\":\"Entdecken Sie die Kundenreferenz von Dalkia nach einem von Rentaload f\u00fcr ein Rechenzentrum im Januar 2021 erbrachten Service\",\"inLanguage\":\"de\",\"potentialAction\":[{\"@type\":\"ReadAction\",\"target\":[\"https:\\\/\\\/rentaload.com\\\/de\\\/2022\\\/02\\\/16\\\/rentaload-present-a-kickstart-europe-le-march-14-15\\\/\"]}]},{\"@type\":\"ImageObject\",\"inLanguage\":\"de\",\"@id\":\"https:\\\/\\\/rentaload.com\\\/de\\\/2022\\\/02\\\/16\\\/rentaload-present-a-kickstart-europe-le-march-14-15\\\/#primaryimage\",\"url\":\"https:\\\/\\\/rentaload.com\\\/wp-content\\\/uploads\\\/2022\\\/03\\\/kickstart-2022-400x201-1.jpg\",\"contentUrl\":\"https:\\\/\\\/rentaload.com\\\/wp-content\\\/uploads\\\/2022\\\/03\\\/kickstart-2022-400x201-1.jpg\",\"width\":400,\"height\":201},{\"@type\":\"WebSite\",\"@id\":\"https:\\\/\\\/rentaload.com\\\/de\\\/#website\",\"url\":\"https:\\\/\\\/rentaload.com\\\/de\\\/\",\"name\":\"Rentaload\",\"description\":\"Load bank hire - location banc de charge - Lastbank vermietung\",\"publisher\":{\"@id\":\"https:\\\/\\\/rentaload.com\\\/de\\\/#organization\"},\"potentialAction\":[{\"@type\":\"SearchAction\",\"target\":{\"@type\":\"EntryPoint\",\"urlTemplate\":\"https:\\\/\\\/rentaload.com\\\/de\\\/?s={search_term_string}\"},\"query-input\":{\"@type\":\"PropertyValueSpecification\",\"valueRequired\":true,\"valueName\":\"search_term_string\"}}],\"inLanguage\":\"de\"},{\"@type\":\"Organization\",\"@id\":\"https:\\\/\\\/rentaload.com\\\/de\\\/#organization\",\"name\":\"Rentaload\",\"url\":\"https:\\\/\\\/rentaload.com\\\/de\\\/\",\"logo\":{\"@type\":\"ImageObject\",\"inLanguage\":\"de\",\"@id\":\"https:\\\/\\\/rentaload.com\\\/de\\\/#\\\/schema\\\/logo\\\/image\\\/\",\"url\":\"https:\\\/\\\/rentaload.com\\\/wp-content\\\/uploads\\\/2018\\\/03\\\/rentaload-logo-location-banc-de-charge-test-louer-1.png\",\"contentUrl\":\"https:\\\/\\\/rentaload.com\\\/wp-content\\\/uploads\\\/2018\\\/03\\\/rentaload-logo-location-banc-de-charge-test-louer-1.png\",\"width\":470,\"height\":100,\"caption\":\"Rentaload\"},\"image\":{\"@id\":\"https:\\\/\\\/rentaload.com\\\/de\\\/#\\\/schema\\\/logo\\\/image\\\/\"}},{\"@type\":\"Person\",\"@id\":\"https:\\\/\\\/rentaload.com\\\/de\\\/#\\\/schema\\\/person\\\/1df518d42217cef3f1f4af1c1c7aedf4\",\"name\":\"adminMalala\",\"image\":{\"@type\":\"ImageObject\",\"inLanguage\":\"de\",\"@id\":\"https:\\\/\\\/secure.gravatar.com\\\/avatar\\\/911c38bd1b055d215e9e723f8cf5cf6e0410081766de691ba1ac706711e62d6c?s=96&d=mm&r=g\",\"url\":\"https:\\\/\\\/secure.gravatar.com\\\/avatar\\\/911c38bd1b055d215e9e723f8cf5cf6e0410081766de691ba1ac706711e62d6c?s=96&d=mm&r=g\",\"contentUrl\":\"https:\\\/\\\/secure.gravatar.com\\\/avatar\\\/911c38bd1b055d215e9e723f8cf5cf6e0410081766de691ba1ac706711e62d6c?s=96&d=mm&r=g\",\"caption\":\"adminMalala\"}}]}<\/script>\n<!-- \/ Yoast SEO plugin. -->","yoast_head_json":{"title":"RENTALOAD : Rentaload auf der Kickstart Europe am 14. und 15. M\u00e4rz vertreten -","description":"Entdecken Sie die Kundenreferenz von Dalkia nach einem von Rentaload f\u00fcr ein Rechenzentrum im Januar 2021 erbrachten Service","robots":{"index":"index","follow":"follow","max-snippet":"max-snippet:-1","max-image-preview":"max-image-preview:large","max-video-preview":"max-video-preview:-1"},"canonical":"https:\/\/rentaload.com\/de\/2022\/02\/16\/rentaload-present-a-kickstart-europe-le-march-14-15\/","og_locale":"de_DE","og_type":"article","og_title":"RENTALOAD : Rentaload auf der Kickstart Europe am 14. und 15. M\u00e4rz vertreten -","og_description":"Entdecken Sie die Kundenreferenz von Dalkia nach einem von Rentaload f\u00fcr ein Rechenzentrum im Januar 2021 erbrachten Service","og_url":"https:\/\/rentaload.com\/de\/2022\/02\/16\/rentaload-present-a-kickstart-europe-le-march-14-15\/","og_site_name":"Rentaload","article_published_time":"2022-02-16T11:21:17+00:00","article_modified_time":"2022-04-06T03:54:50+00:00","og_image":[{"width":400,"height":201,"url":"https:\/\/rentaload.com\/wp-content\/uploads\/2022\/03\/kickstart-2022-400x201-1.jpg","type":"image\/jpeg"}],"author":"adminMalala","twitter_card":"summary_large_image","twitter_misc":{"Verfasst von":"adminMalala","Gesch\u00e4tzte Lesezeit":"4\u00a0Minuten"},"schema":{"@context":"https:\/\/schema.org","@graph":[{"@type":"Article","@id":"https:\/\/rentaload.com\/de\/2022\/02\/16\/rentaload-present-a-kickstart-europe-le-march-14-15\/#article","isPartOf":{"@id":"https:\/\/rentaload.com\/de\/2022\/02\/16\/rentaload-present-a-kickstart-europe-le-march-14-15\/"},"author":{"name":"adminMalala","@id":"https:\/\/rentaload.com\/de\/#\/schema\/person\/1df518d42217cef3f1f4af1c1c7aedf4"},"headline":"Rentaload auf der Kickstart Europe am 14. und 15. M\u00e4rz vertreten","datePublished":"2022-02-16T11:21:17+00:00","dateModified":"2022-04-06T03:54:50+00:00","mainEntityOfPage":{"@id":"https:\/\/rentaload.com\/de\/2022\/02\/16\/rentaload-present-a-kickstart-europe-le-march-14-15\/"},"wordCount":821,"publisher":{"@id":"https:\/\/rentaload.com\/de\/#organization"},"image":{"@id":"https:\/\/rentaload.com\/de\/2022\/02\/16\/rentaload-present-a-kickstart-europe-le-march-14-15\/#primaryimage"},"thumbnailUrl":"https:\/\/rentaload.com\/wp-content\/uploads\/2022\/03\/kickstart-2022-400x201-1.jpg","articleSection":["Nicht klassifiziert"],"inLanguage":"de"},{"@type":"WebPage","@id":"https:\/\/rentaload.com\/de\/2022\/02\/16\/rentaload-present-a-kickstart-europe-le-march-14-15\/","url":"https:\/\/rentaload.com\/de\/2022\/02\/16\/rentaload-present-a-kickstart-europe-le-march-14-15\/","name":"RENTALOAD : Rentaload auf der Kickstart Europe am 14. und 15. M\u00e4rz vertreten -","isPartOf":{"@id":"https:\/\/rentaload.com\/de\/#website"},"primaryImageOfPage":{"@id":"https:\/\/rentaload.com\/de\/2022\/02\/16\/rentaload-present-a-kickstart-europe-le-march-14-15\/#primaryimage"},"image":{"@id":"https:\/\/rentaload.com\/de\/2022\/02\/16\/rentaload-present-a-kickstart-europe-le-march-14-15\/#primaryimage"},"thumbnailUrl":"https:\/\/rentaload.com\/wp-content\/uploads\/2022\/03\/kickstart-2022-400x201-1.jpg","datePublished":"2022-02-16T11:21:17+00:00","dateModified":"2022-04-06T03:54:50+00:00","description":"Entdecken Sie die Kundenreferenz von Dalkia nach einem von Rentaload f\u00fcr ein Rechenzentrum im Januar 2021 erbrachten Service","inLanguage":"de","potentialAction":[{"@type":"ReadAction","target":["https:\/\/rentaload.com\/de\/2022\/02\/16\/rentaload-present-a-kickstart-europe-le-march-14-15\/"]}]},{"@type":"ImageObject","inLanguage":"de","@id":"https:\/\/rentaload.com\/de\/2022\/02\/16\/rentaload-present-a-kickstart-europe-le-march-14-15\/#primaryimage","url":"https:\/\/rentaload.com\/wp-content\/uploads\/2022\/03\/kickstart-2022-400x201-1.jpg","contentUrl":"https:\/\/rentaload.com\/wp-content\/uploads\/2022\/03\/kickstart-2022-400x201-1.jpg","width":400,"height":201},{"@type":"WebSite","@id":"https:\/\/rentaload.com\/de\/#website","url":"https:\/\/rentaload.com\/de\/","name":"Rentaload","description":"Load bank hire - location banc de charge - Lastbank vermietung","publisher":{"@id":"https:\/\/rentaload.com\/de\/#organization"},"potentialAction":[{"@type":"SearchAction","target":{"@type":"EntryPoint","urlTemplate":"https:\/\/rentaload.com\/de\/?s={search_term_string}"},"query-input":{"@type":"PropertyValueSpecification","valueRequired":true,"valueName":"search_term_string"}}],"inLanguage":"de"},{"@type":"Organization","@id":"https:\/\/rentaload.com\/de\/#organization","name":"Rentaload","url":"https:\/\/rentaload.com\/de\/","logo":{"@type":"ImageObject","inLanguage":"de","@id":"https:\/\/rentaload.com\/de\/#\/schema\/logo\/image\/","url":"https:\/\/rentaload.com\/wp-content\/uploads\/2018\/03\/rentaload-logo-location-banc-de-charge-test-louer-1.png","contentUrl":"https:\/\/rentaload.com\/wp-content\/uploads\/2018\/03\/rentaload-logo-location-banc-de-charge-test-louer-1.png","width":470,"height":100,"caption":"Rentaload"},"image":{"@id":"https:\/\/rentaload.com\/de\/#\/schema\/logo\/image\/"}},{"@type":"Person","@id":"https:\/\/rentaload.com\/de\/#\/schema\/person\/1df518d42217cef3f1f4af1c1c7aedf4","name":"adminMalala","image":{"@type":"ImageObject","inLanguage":"de","@id":"https:\/\/secure.gravatar.com\/avatar\/911c38bd1b055d215e9e723f8cf5cf6e0410081766de691ba1ac706711e62d6c?s=96&d=mm&r=g","url":"https:\/\/secure.gravatar.com\/avatar\/911c38bd1b055d215e9e723f8cf5cf6e0410081766de691ba1ac706711e62d6c?s=96&d=mm&r=g","contentUrl":"https:\/\/secure.gravatar.com\/avatar\/911c38bd1b055d215e9e723f8cf5cf6e0410081766de691ba1ac706711e62d6c?s=96&d=mm&r=g","caption":"adminMalala"}}]}},"_links":{"self":[{"href":"https:\/\/rentaload.com\/de\/wp-json\/wp\/v2\/posts\/25544","targetHints":{"allow":["GET"]}}],"collection":[{"href":"https:\/\/rentaload.com\/de\/wp-json\/wp\/v2\/posts"}],"about":[{"href":"https:\/\/rentaload.com\/de\/wp-json\/wp\/v2\/types\/post"}],"author":[{"embeddable":true,"href":"https:\/\/rentaload.com\/de\/wp-json\/wp\/v2\/users\/10"}],"replies":[{"embeddable":true,"href":"https:\/\/rentaload.com\/de\/wp-json\/wp\/v2\/comments?post=25544"}],"version-history":[{"count":3,"href":"https:\/\/rentaload.com\/de\/wp-json\/wp\/v2\/posts\/25544\/revisions"}],"predecessor-version":[{"id":26015,"href":"https:\/\/rentaload.com\/de\/wp-json\/wp\/v2\/posts\/25544\/revisions\/26015"}],"wp:featuredmedia":[{"embeddable":true,"href":"https:\/\/rentaload.com\/de\/wp-json\/wp\/v2\/media\/23719"}],"wp:attachment":[{"href":"https:\/\/rentaload.com\/de\/wp-json\/wp\/v2\/media?parent=25544"}],"wp:term":[{"taxonomy":"category","embeddable":true,"href":"https:\/\/rentaload.com\/de\/wp-json\/wp\/v2\/categories?post=25544"},{"taxonomy":"post_tag","embeddable":true,"href":"https:\/\/rentaload.com\/de\/wp-json\/wp\/v2\/tags?post=25544"}],"curies":[{"name":"wp","href":"https:\/\/api.w.org\/{rel}","templated":true}]}}