{"id":28735,"date":"2021-11-02T15:42:45","date_gmt":"2021-11-02T14:42:45","guid":{"rendered":"https:\/\/rentaload.com\/2021\/11\/02\/rentaload-en-la-feria-dc-irlanda-el-16-17-de-noviembre\/"},"modified":"2022-06-01T04:37:57","modified_gmt":"2022-06-01T02:37:57","slug":"rentaload-en-la-feria-dc-irlanda-el-16-17-de-noviembre","status":"publish","type":"post","link":"https:\/\/rentaload.com\/es\/2021\/11\/02\/rentaload-en-la-feria-dc-irlanda-el-16-17-de-noviembre\/","title":{"rendered":"Rentaload en el show \u00abDC Ireland\u00bb el 16 y 17 de noviembre!"},"content":{"rendered":"<div class=\"fusion-fullwidth fullwidth-box fusion-builder-row-1 fusion-flex-container nonhundred-percent-fullwidth non-hundred-percent-height-scrolling\" style=\"--awb-border-radius-top-left:0px;--awb-border-radius-top-right:0px;--awb-border-radius-bottom-right:0px;--awb-border-radius-bottom-left:0px;--awb-flex-wrap:wrap;\" ><div class=\"fusion-builder-row fusion-row fusion-flex-align-items-flex-start fusion-flex-content-wrap\" style=\"max-width:1144px;margin-left: calc(-4% \/ 2 );margin-right: calc(-4% \/ 2 );\"><div class=\"fusion-layout-column fusion_builder_column fusion-builder-column-0 fusion_builder_column_1_1 1_1 fusion-flex-column\" style=\"--awb-bg-size:cover;--awb-width-large:100%;--awb-margin-top-large:0px;--awb-spacing-right-large:1.92%;--awb-margin-bottom-large:20px;--awb-spacing-left-large:1.92%;--awb-width-medium:100%;--awb-order-medium:0;--awb-spacing-right-medium:1.92%;--awb-spacing-left-medium:1.92%;--awb-width-small:100%;--awb-order-small:0;--awb-spacing-right-small:1.92%;--awb-spacing-left-small:1.92%;\"><div class=\"fusion-column-wrapper fusion-column-has-shadow fusion-flex-justify-content-flex-start fusion-content-layout-column\"><div class=\"fusion-text fusion-text-1\" style=\"--awb-text-transform:none;\"><p>Rentaload estar\u00e1 presente en la feria <strong>\u201cDC Ireland\u201d<\/strong> el martes 16 y mi\u00e9rcoles 17 de noviembre de 2021, en Dubl\u00edn en el \u201cRDS Main Hall\u201d.<\/p>\n<p>\u00a1Le invitamos a unirse a nosotros directamente en nuestro <strong>stand N\u00b0215<\/strong> !<\/p>\n<p><img decoding=\"async\" class=\"alignnone size-fusion-200 wp-image-14117\" src=\"https:\/\/rentaload.com\/wp-content\/uploads\/2022\/03\/plan-DC-Ireland-800x531-1-200x133.png\" alt=\"\" width=\"200\" height=\"133\" srcset=\"https:\/\/rentaload.com\/wp-content\/uploads\/2022\/03\/plan-DC-Ireland-800x531-1-200x133.png 200w, https:\/\/rentaload.com\/wp-content\/uploads\/2022\/03\/plan-DC-Ireland-800x531-1-300x199.png 300w, https:\/\/rentaload.com\/wp-content\/uploads\/2022\/03\/plan-DC-Ireland-800x531-1-400x266.png 400w, https:\/\/rentaload.com\/wp-content\/uploads\/2022\/03\/plan-DC-Ireland-800x531-1-600x398.png 600w, https:\/\/rentaload.com\/wp-content\/uploads\/2022\/03\/plan-DC-Ireland-800x531-1-768x510.png 768w, https:\/\/rentaload.com\/wp-content\/uploads\/2022\/03\/plan-DC-Ireland-800x531-1.png 800w\" sizes=\"(max-width: 200px) 100vw, 200px\" \/><\/p>\n<p>Esta ser\u00e1 una oportunidad para conocer y discutir el sector del centro de datos, los diversos proyectos \/ jugadores, as\u00ed como las tendencias actuales en el sector. \u00a1As\u00ed que no te pierdas este evento!<\/p>\n<p><a href=\"https:\/\/datacentres-ireland.registrationdesk.ie\/\" target=\"_self\" rel=\"noopener\"><span class=\"fusion-button-text\">ME INSCRIBO<\/span><\/a><\/p>\n<h3>Acerca de DataCentres Ireland, el evento de centros de datos m\u00e1s grande del pa\u00eds:<\/h3>\n<p>Como recordatorio, DataCentres Ireland se ocupa de la infraestructura, la refrigeraci\u00f3n el\u00e9ctrica, la iluminaci\u00f3n y la gesti\u00f3n, as\u00ed como del dise\u00f1o y la construcci\u00f3n de centros de datos. Combina una conferencia de clase mundial con oradores internacionales.<\/p>\n<ul>\n<li>Descubra a las personas que conocer\u00e1 en la feria: <a href=\"https:\/\/www.datacentres-ireland.com\/who-you-will-meet-2\/\">expositores<\/a> y <a href=\"https:\/\/www.datacentres-ireland.com\/who-you-will-meet\/\">visitantes.<\/a><\/li>\n<li>El programa de la conferencia: <a href=\"https:\/\/www.datacentres-ireland.com\/conference-programme\/\">aqu\u00ed<\/a><\/li>\n<li><a href=\"https:\/\/datacentres-ireland.registrationdesk.ie\/\">Reg\u00edstrese<\/a> para el evento<\/li>\n<li>Descubre tambi\u00e9n una <a href=\"https:\/\/www.datacentres-ireland.com\/virtual-offering\/\">oferta virtual<\/a><\/li>\n<\/ul>\n<p><strong>\u00a1Esperamos verte all\u00ed!<\/strong> <em>Para obtener m\u00e1s informaci\u00f3n, p\u00f3ngase <a href=\"https:\/\/rentaload.com\/es\/contactar\/\">en contacto con nosotros.<\/a><\/em><\/p>\n<\/div><\/div><\/div><\/div><\/div>\n","protected":false},"excerpt":{"rendered":"","protected":false},"author":10,"featured_media":23886,"comment_status":"closed","ping_status":"open","sticky":false,"template":"","format":"standard","meta":{"footnotes":""},"categories":[1626],"tags":[],"class_list":["post-28735","post","type-post","status-publish","format-standard","has-post-thumbnail","hentry","category-no-clasificado"],"yoast_head":"<!-- This site is optimized with the Yoast SEO plugin v27.5 - https:\/\/yoast.com\/product\/yoast-seo-wordpress\/ -->\n<title>RENTALOAD : Rentaload en el show &quot;DC Ireland&quot; el 16 y 17 de noviembre! -<\/title>\n<meta name=\"description\" content=\"Descubra el testimonio de un cliente de Dalkia tras un servicio prestado por Rentaload para un centro de datos en enero de 2021\" \/>\n<meta name=\"robots\" content=\"index, follow, max-snippet:-1, max-image-preview:large, max-video-preview:-1\" \/>\n<link rel=\"canonical\" href=\"https:\/\/rentaload.com\/es\/2021\/11\/02\/rentaload-en-la-feria-dc-irlanda-el-16-17-de-noviembre\/\" \/>\n<meta property=\"og:locale\" content=\"es_ES\" \/>\n<meta property=\"og:type\" content=\"article\" \/>\n<meta property=\"og:title\" content=\"RENTALOAD : Rentaload en el show &quot;DC Ireland&quot; el 16 y 17 de noviembre! -\" \/>\n<meta property=\"og:description\" content=\"Descubra el testimonio de un cliente de Dalkia tras un servicio prestado por Rentaload para un centro de datos en enero de 2021\" \/>\n<meta property=\"og:url\" content=\"https:\/\/rentaload.com\/es\/2021\/11\/02\/rentaload-en-la-feria-dc-irlanda-el-16-17-de-noviembre\/\" \/>\n<meta property=\"og:site_name\" content=\"Rentaload\" \/>\n<meta property=\"article:published_time\" content=\"2021-11-02T14:42:45+00:00\" \/>\n<meta property=\"article:modified_time\" content=\"2022-06-01T02:37:57+00:00\" \/>\n<meta property=\"og:image\" content=\"https:\/\/rentaload.com\/wp-content\/uploads\/2022\/03\/400x100-Stand-banners-DCI-2021-215-Rentaload.jpg\" \/>\n\t<meta property=\"og:image:width\" content=\"400\" \/>\n\t<meta property=\"og:image:height\" content=\"100\" \/>\n\t<meta property=\"og:image:type\" content=\"image\/jpeg\" \/>\n<meta name=\"author\" content=\"adminMalala\" \/>\n<meta name=\"twitter:card\" content=\"summary_large_image\" \/>\n<meta name=\"twitter:label1\" content=\"Escrito por\" \/>\n\t<meta name=\"twitter:data1\" content=\"adminMalala\" \/>\n\t<meta name=\"twitter:label2\" content=\"Tiempo de lectura\" \/>\n\t<meta name=\"twitter:data2\" content=\"4 minutos\" \/>\n<script type=\"application\/ld+json\" class=\"yoast-schema-graph\">{\"@context\":\"https:\\\/\\\/schema.org\",\"@graph\":[{\"@type\":\"Article\",\"@id\":\"https:\\\/\\\/rentaload.com\\\/es\\\/2021\\\/11\\\/02\\\/rentaload-en-la-feria-dc-irlanda-el-16-17-de-noviembre\\\/#article\",\"isPartOf\":{\"@id\":\"https:\\\/\\\/rentaload.com\\\/es\\\/2021\\\/11\\\/02\\\/rentaload-en-la-feria-dc-irlanda-el-16-17-de-noviembre\\\/\"},\"author\":{\"name\":\"adminMalala\",\"@id\":\"https:\\\/\\\/rentaload.com\\\/es\\\/#\\\/schema\\\/person\\\/1df518d42217cef3f1f4af1c1c7aedf4\"},\"headline\":\"Rentaload en el show \u00abDC Ireland\u00bb el 16 y 17 de noviembre!\",\"datePublished\":\"2021-11-02T14:42:45+00:00\",\"dateModified\":\"2022-06-01T02:37:57+00:00\",\"mainEntityOfPage\":{\"@id\":\"https:\\\/\\\/rentaload.com\\\/es\\\/2021\\\/11\\\/02\\\/rentaload-en-la-feria-dc-irlanda-el-16-17-de-noviembre\\\/\"},\"wordCount\":795,\"publisher\":{\"@id\":\"https:\\\/\\\/rentaload.com\\\/es\\\/#organization\"},\"image\":{\"@id\":\"https:\\\/\\\/rentaload.com\\\/es\\\/2021\\\/11\\\/02\\\/rentaload-en-la-feria-dc-irlanda-el-16-17-de-noviembre\\\/#primaryimage\"},\"thumbnailUrl\":\"https:\\\/\\\/rentaload.com\\\/wp-content\\\/uploads\\\/2022\\\/03\\\/400x100-Stand-banners-DCI-2021-215-Rentaload.jpg\",\"articleSection\":[\"No clasificado\"],\"inLanguage\":\"es\"},{\"@type\":\"WebPage\",\"@id\":\"https:\\\/\\\/rentaload.com\\\/es\\\/2021\\\/11\\\/02\\\/rentaload-en-la-feria-dc-irlanda-el-16-17-de-noviembre\\\/\",\"url\":\"https:\\\/\\\/rentaload.com\\\/es\\\/2021\\\/11\\\/02\\\/rentaload-en-la-feria-dc-irlanda-el-16-17-de-noviembre\\\/\",\"name\":\"RENTALOAD : Rentaload en el show \\\"DC Ireland\\\" el 16 y 17 de noviembre! -\",\"isPartOf\":{\"@id\":\"https:\\\/\\\/rentaload.com\\\/es\\\/#website\"},\"primaryImageOfPage\":{\"@id\":\"https:\\\/\\\/rentaload.com\\\/es\\\/2021\\\/11\\\/02\\\/rentaload-en-la-feria-dc-irlanda-el-16-17-de-noviembre\\\/#primaryimage\"},\"image\":{\"@id\":\"https:\\\/\\\/rentaload.com\\\/es\\\/2021\\\/11\\\/02\\\/rentaload-en-la-feria-dc-irlanda-el-16-17-de-noviembre\\\/#primaryimage\"},\"thumbnailUrl\":\"https:\\\/\\\/rentaload.com\\\/wp-content\\\/uploads\\\/2022\\\/03\\\/400x100-Stand-banners-DCI-2021-215-Rentaload.jpg\",\"datePublished\":\"2021-11-02T14:42:45+00:00\",\"dateModified\":\"2022-06-01T02:37:57+00:00\",\"description\":\"Descubra el testimonio de un cliente de Dalkia tras un servicio prestado por Rentaload para un centro de datos en enero de 2021\",\"inLanguage\":\"es\",\"potentialAction\":[{\"@type\":\"ReadAction\",\"target\":[\"https:\\\/\\\/rentaload.com\\\/es\\\/2021\\\/11\\\/02\\\/rentaload-en-la-feria-dc-irlanda-el-16-17-de-noviembre\\\/\"]}]},{\"@type\":\"ImageObject\",\"inLanguage\":\"es\",\"@id\":\"https:\\\/\\\/rentaload.com\\\/es\\\/2021\\\/11\\\/02\\\/rentaload-en-la-feria-dc-irlanda-el-16-17-de-noviembre\\\/#primaryimage\",\"url\":\"https:\\\/\\\/rentaload.com\\\/wp-content\\\/uploads\\\/2022\\\/03\\\/400x100-Stand-banners-DCI-2021-215-Rentaload.jpg\",\"contentUrl\":\"https:\\\/\\\/rentaload.com\\\/wp-content\\\/uploads\\\/2022\\\/03\\\/400x100-Stand-banners-DCI-2021-215-Rentaload.jpg\",\"width\":400,\"height\":100},{\"@type\":\"WebSite\",\"@id\":\"https:\\\/\\\/rentaload.com\\\/es\\\/#website\",\"url\":\"https:\\\/\\\/rentaload.com\\\/es\\\/\",\"name\":\"Rentaload\",\"description\":\"Load bank hire - location banc de charge - Lastbank vermietung\",\"publisher\":{\"@id\":\"https:\\\/\\\/rentaload.com\\\/es\\\/#organization\"},\"potentialAction\":[{\"@type\":\"SearchAction\",\"target\":{\"@type\":\"EntryPoint\",\"urlTemplate\":\"https:\\\/\\\/rentaload.com\\\/es\\\/?s={search_term_string}\"},\"query-input\":{\"@type\":\"PropertyValueSpecification\",\"valueRequired\":true,\"valueName\":\"search_term_string\"}}],\"inLanguage\":\"es\"},{\"@type\":\"Organization\",\"@id\":\"https:\\\/\\\/rentaload.com\\\/es\\\/#organization\",\"name\":\"Rentaload\",\"url\":\"https:\\\/\\\/rentaload.com\\\/es\\\/\",\"logo\":{\"@type\":\"ImageObject\",\"inLanguage\":\"es\",\"@id\":\"https:\\\/\\\/rentaload.com\\\/es\\\/#\\\/schema\\\/logo\\\/image\\\/\",\"url\":\"https:\\\/\\\/rentaload.com\\\/wp-content\\\/uploads\\\/2018\\\/03\\\/rentaload-logo-location-banc-de-charge-test-louer-1.png\",\"contentUrl\":\"https:\\\/\\\/rentaload.com\\\/wp-content\\\/uploads\\\/2018\\\/03\\\/rentaload-logo-location-banc-de-charge-test-louer-1.png\",\"width\":470,\"height\":100,\"caption\":\"Rentaload\"},\"image\":{\"@id\":\"https:\\\/\\\/rentaload.com\\\/es\\\/#\\\/schema\\\/logo\\\/image\\\/\"}},{\"@type\":\"Person\",\"@id\":\"https:\\\/\\\/rentaload.com\\\/es\\\/#\\\/schema\\\/person\\\/1df518d42217cef3f1f4af1c1c7aedf4\",\"name\":\"adminMalala\",\"image\":{\"@type\":\"ImageObject\",\"inLanguage\":\"es\",\"@id\":\"https:\\\/\\\/secure.gravatar.com\\\/avatar\\\/911c38bd1b055d215e9e723f8cf5cf6e0410081766de691ba1ac706711e62d6c?s=96&d=mm&r=g\",\"url\":\"https:\\\/\\\/secure.gravatar.com\\\/avatar\\\/911c38bd1b055d215e9e723f8cf5cf6e0410081766de691ba1ac706711e62d6c?s=96&d=mm&r=g\",\"contentUrl\":\"https:\\\/\\\/secure.gravatar.com\\\/avatar\\\/911c38bd1b055d215e9e723f8cf5cf6e0410081766de691ba1ac706711e62d6c?s=96&d=mm&r=g\",\"caption\":\"adminMalala\"}}]}<\/script>\n<!-- \/ Yoast SEO plugin. -->","yoast_head_json":{"title":"RENTALOAD : Rentaload en el show \"DC Ireland\" el 16 y 17 de noviembre! -","description":"Descubra el testimonio de un cliente de Dalkia tras un servicio prestado por Rentaload para un centro de datos en enero de 2021","robots":{"index":"index","follow":"follow","max-snippet":"max-snippet:-1","max-image-preview":"max-image-preview:large","max-video-preview":"max-video-preview:-1"},"canonical":"https:\/\/rentaload.com\/es\/2021\/11\/02\/rentaload-en-la-feria-dc-irlanda-el-16-17-de-noviembre\/","og_locale":"es_ES","og_type":"article","og_title":"RENTALOAD : Rentaload en el show \"DC Ireland\" el 16 y 17 de noviembre! -","og_description":"Descubra el testimonio de un cliente de Dalkia tras un servicio prestado por Rentaload para un centro de datos en enero de 2021","og_url":"https:\/\/rentaload.com\/es\/2021\/11\/02\/rentaload-en-la-feria-dc-irlanda-el-16-17-de-noviembre\/","og_site_name":"Rentaload","article_published_time":"2021-11-02T14:42:45+00:00","article_modified_time":"2022-06-01T02:37:57+00:00","og_image":[{"width":400,"height":100,"url":"https:\/\/rentaload.com\/wp-content\/uploads\/2022\/03\/400x100-Stand-banners-DCI-2021-215-Rentaload.jpg","type":"image\/jpeg"}],"author":"adminMalala","twitter_card":"summary_large_image","twitter_misc":{"Escrito por":"adminMalala","Tiempo de lectura":"4 minutos"},"schema":{"@context":"https:\/\/schema.org","@graph":[{"@type":"Article","@id":"https:\/\/rentaload.com\/es\/2021\/11\/02\/rentaload-en-la-feria-dc-irlanda-el-16-17-de-noviembre\/#article","isPartOf":{"@id":"https:\/\/rentaload.com\/es\/2021\/11\/02\/rentaload-en-la-feria-dc-irlanda-el-16-17-de-noviembre\/"},"author":{"name":"adminMalala","@id":"https:\/\/rentaload.com\/es\/#\/schema\/person\/1df518d42217cef3f1f4af1c1c7aedf4"},"headline":"Rentaload en el show \u00abDC Ireland\u00bb el 16 y 17 de noviembre!","datePublished":"2021-11-02T14:42:45+00:00","dateModified":"2022-06-01T02:37:57+00:00","mainEntityOfPage":{"@id":"https:\/\/rentaload.com\/es\/2021\/11\/02\/rentaload-en-la-feria-dc-irlanda-el-16-17-de-noviembre\/"},"wordCount":795,"publisher":{"@id":"https:\/\/rentaload.com\/es\/#organization"},"image":{"@id":"https:\/\/rentaload.com\/es\/2021\/11\/02\/rentaload-en-la-feria-dc-irlanda-el-16-17-de-noviembre\/#primaryimage"},"thumbnailUrl":"https:\/\/rentaload.com\/wp-content\/uploads\/2022\/03\/400x100-Stand-banners-DCI-2021-215-Rentaload.jpg","articleSection":["No clasificado"],"inLanguage":"es"},{"@type":"WebPage","@id":"https:\/\/rentaload.com\/es\/2021\/11\/02\/rentaload-en-la-feria-dc-irlanda-el-16-17-de-noviembre\/","url":"https:\/\/rentaload.com\/es\/2021\/11\/02\/rentaload-en-la-feria-dc-irlanda-el-16-17-de-noviembre\/","name":"RENTALOAD : Rentaload en el show \"DC Ireland\" el 16 y 17 de noviembre! -","isPartOf":{"@id":"https:\/\/rentaload.com\/es\/#website"},"primaryImageOfPage":{"@id":"https:\/\/rentaload.com\/es\/2021\/11\/02\/rentaload-en-la-feria-dc-irlanda-el-16-17-de-noviembre\/#primaryimage"},"image":{"@id":"https:\/\/rentaload.com\/es\/2021\/11\/02\/rentaload-en-la-feria-dc-irlanda-el-16-17-de-noviembre\/#primaryimage"},"thumbnailUrl":"https:\/\/rentaload.com\/wp-content\/uploads\/2022\/03\/400x100-Stand-banners-DCI-2021-215-Rentaload.jpg","datePublished":"2021-11-02T14:42:45+00:00","dateModified":"2022-06-01T02:37:57+00:00","description":"Descubra el testimonio de un cliente de Dalkia tras un servicio prestado por Rentaload para un centro de datos en enero de 2021","inLanguage":"es","potentialAction":[{"@type":"ReadAction","target":["https:\/\/rentaload.com\/es\/2021\/11\/02\/rentaload-en-la-feria-dc-irlanda-el-16-17-de-noviembre\/"]}]},{"@type":"ImageObject","inLanguage":"es","@id":"https:\/\/rentaload.com\/es\/2021\/11\/02\/rentaload-en-la-feria-dc-irlanda-el-16-17-de-noviembre\/#primaryimage","url":"https:\/\/rentaload.com\/wp-content\/uploads\/2022\/03\/400x100-Stand-banners-DCI-2021-215-Rentaload.jpg","contentUrl":"https:\/\/rentaload.com\/wp-content\/uploads\/2022\/03\/400x100-Stand-banners-DCI-2021-215-Rentaload.jpg","width":400,"height":100},{"@type":"WebSite","@id":"https:\/\/rentaload.com\/es\/#website","url":"https:\/\/rentaload.com\/es\/","name":"Rentaload","description":"Load bank hire - location banc de charge - Lastbank vermietung","publisher":{"@id":"https:\/\/rentaload.com\/es\/#organization"},"potentialAction":[{"@type":"SearchAction","target":{"@type":"EntryPoint","urlTemplate":"https:\/\/rentaload.com\/es\/?s={search_term_string}"},"query-input":{"@type":"PropertyValueSpecification","valueRequired":true,"valueName":"search_term_string"}}],"inLanguage":"es"},{"@type":"Organization","@id":"https:\/\/rentaload.com\/es\/#organization","name":"Rentaload","url":"https:\/\/rentaload.com\/es\/","logo":{"@type":"ImageObject","inLanguage":"es","@id":"https:\/\/rentaload.com\/es\/#\/schema\/logo\/image\/","url":"https:\/\/rentaload.com\/wp-content\/uploads\/2018\/03\/rentaload-logo-location-banc-de-charge-test-louer-1.png","contentUrl":"https:\/\/rentaload.com\/wp-content\/uploads\/2018\/03\/rentaload-logo-location-banc-de-charge-test-louer-1.png","width":470,"height":100,"caption":"Rentaload"},"image":{"@id":"https:\/\/rentaload.com\/es\/#\/schema\/logo\/image\/"}},{"@type":"Person","@id":"https:\/\/rentaload.com\/es\/#\/schema\/person\/1df518d42217cef3f1f4af1c1c7aedf4","name":"adminMalala","image":{"@type":"ImageObject","inLanguage":"es","@id":"https:\/\/secure.gravatar.com\/avatar\/911c38bd1b055d215e9e723f8cf5cf6e0410081766de691ba1ac706711e62d6c?s=96&d=mm&r=g","url":"https:\/\/secure.gravatar.com\/avatar\/911c38bd1b055d215e9e723f8cf5cf6e0410081766de691ba1ac706711e62d6c?s=96&d=mm&r=g","contentUrl":"https:\/\/secure.gravatar.com\/avatar\/911c38bd1b055d215e9e723f8cf5cf6e0410081766de691ba1ac706711e62d6c?s=96&d=mm&r=g","caption":"adminMalala"}}]}},"_links":{"self":[{"href":"https:\/\/rentaload.com\/es\/wp-json\/wp\/v2\/posts\/28735","targetHints":{"allow":["GET"]}}],"collection":[{"href":"https:\/\/rentaload.com\/es\/wp-json\/wp\/v2\/posts"}],"about":[{"href":"https:\/\/rentaload.com\/es\/wp-json\/wp\/v2\/types\/post"}],"author":[{"embeddable":true,"href":"https:\/\/rentaload.com\/es\/wp-json\/wp\/v2\/users\/10"}],"replies":[{"embeddable":true,"href":"https:\/\/rentaload.com\/es\/wp-json\/wp\/v2\/comments?post=28735"}],"version-history":[{"count":1,"href":"https:\/\/rentaload.com\/es\/wp-json\/wp\/v2\/posts\/28735\/revisions"}],"predecessor-version":[{"id":28740,"href":"https:\/\/rentaload.com\/es\/wp-json\/wp\/v2\/posts\/28735\/revisions\/28740"}],"wp:featuredmedia":[{"embeddable":true,"href":"https:\/\/rentaload.com\/es\/wp-json\/wp\/v2\/media\/23886"}],"wp:attachment":[{"href":"https:\/\/rentaload.com\/es\/wp-json\/wp\/v2\/media?parent=28735"}],"wp:term":[{"taxonomy":"category","embeddable":true,"href":"https:\/\/rentaload.com\/es\/wp-json\/wp\/v2\/categories?post=28735"},{"taxonomy":"post_tag","embeddable":true,"href":"https:\/\/rentaload.com\/es\/wp-json\/wp\/v2\/tags?post=28735"}],"curies":[{"name":"wp","href":"https:\/\/api.w.org\/{rel}","templated":true}]}}