{"id":51002,"date":"2024-02-21T11:35:13","date_gmt":"2024-02-21T10:35:13","guid":{"rendered":"https:\/\/rentaload.com\/?p=51002"},"modified":"2024-02-21T11:36:46","modified_gmt":"2024-02-21T10:36:46","slug":"alquiler-a-la-conferencia-kickstart-europa-2024","status":"publish","type":"post","link":"https:\/\/rentaload.com\/es\/2024\/02\/21\/alquiler-a-la-conferencia-kickstart-europa-2024\/","title":{"rendered":"Rentaload en la conferencia Kickstart Europe de \u00c1msterdam los d\u00edas 26 y 27 de febrero"},"content":{"rendered":"<div class=\"fusion-fullwidth fullwidth-box fusion-builder-row-1 fusion-flex-container nonhundred-percent-fullwidth non-hundred-percent-height-scrolling ctnr-simple\" style=\"--awb-border-radius-top-left:0px;--awb-border-radius-top-right:0px;--awb-border-radius-bottom-right:0px;--awb-border-radius-bottom-left:0px;--awb-flex-wrap:wrap;\" ><div class=\"fusion-builder-row fusion-row fusion-flex-align-items-flex-start fusion-flex-justify-content-center fusion-flex-content-wrap\" style=\"max-width:1144px;margin-left: calc(-4% \/ 2 );margin-right: calc(-4% \/ 2 );\"><div class=\"fusion-layout-column fusion_builder_column fusion-builder-column-0 fusion_builder_column_1_1 1_1 fusion-flex-column col-titre\" style=\"--awb-bg-size:cover;--awb-width-large:100%;--awb-margin-top-large:0px;--awb-spacing-right-large:1.92%;--awb-margin-bottom-large:20px;--awb-spacing-left-large:1.92%;--awb-width-medium:100%;--awb-order-medium:0;--awb-spacing-right-medium:1.92%;--awb-spacing-left-medium:1.92%;--awb-width-small:100%;--awb-order-small:0;--awb-spacing-right-small:1.92%;--awb-spacing-left-small:1.92%;\"><div class=\"fusion-column-wrapper fusion-column-has-shadow fusion-flex-justify-content-flex-start fusion-content-layout-column\"><div class=\"fusion-title title fusion-title-1 fusion-sep-none fusion-title-text fusion-title-size-three\" style=\"--awb-margin-top-small:0px;--awb-margin-right-small:0px;--awb-margin-bottom-small:20px;--awb-margin-left-small:0px;\"><h3 class=\"fusion-title-heading title-heading-left\" style=\"margin:0;\">Venga a vernos a la <strong>conferencia Kickstart Europe<\/strong> en \u00c1msterdam.<\/h3><\/div><div class=\"fusion-text fusion-text-1\"><p>\u00danase a nosotros los d\u00edas <strong>26 y 27 de febrero de 2024<\/strong> en Kickstart Europe en \u00c1msterdam, la conferencia anual sobre <strong>tendencias emergentes e inversi\u00f3n en tecnolog\u00eda de centros de datos e infraestructura digital<\/strong>. El acto tendr\u00e1 lugar en el Centro de Convenciones Rai<strong> de<\/strong> \u00c1msterdam (Pa\u00edses Bajos).<\/p>\n<p>El equipo de Rentaload estar\u00e1 presente, as\u00ed que aproveche la oportunidad para hablar de las tendencias del mercado de los centros de datos, las <a href=\"https:\/\/rentaload.com\/es\/guia-de-puesta-en-marcha\/\">pruebas y optimizaciones de la puesta en marcha<\/a> y los planes futuros. Estaremos encantados de estudiar sus necesidades, as\u00ed que concierte<strong> una cita con nosotros<\/strong> en <a href=\"mailto:contact@rentaload.com\">contact@rentaload.com.<\/a><\/p>\n<\/div><div class=\"fusion-image-element \" style=\"text-align:center;--awb-margin-top:5%;--awb-caption-title-font-family:var(--h2_typography-font-family);--awb-caption-title-font-weight:var(--h2_typography-font-weight);--awb-caption-title-font-style:var(--h2_typography-font-style);--awb-caption-title-size:var(--h2_typography-font-size);--awb-caption-title-transform:var(--h2_typography-text-transform);--awb-caption-title-line-height:var(--h2_typography-line-height);--awb-caption-title-letter-spacing:var(--h2_typography-letter-spacing);\"><span class=\" fusion-imageframe imageframe-none imageframe-1 hover-type-none\"><a class=\"fusion-no-lightbox\" href=\"https:\/\/www.kickstartconf.eu\/\" target=\"_blank\" aria-label=\"kickstart-banner\" rel=\"noopener noreferrer\"><img decoding=\"async\" width=\"1300\" height=\"650\" src=\"https:\/\/rentaload.com\/wp-content\/uploads\/2024\/02\/kickstart-banner.png\" alt class=\"img-responsive wp-image-51010\" srcset=\"https:\/\/rentaload.com\/wp-content\/uploads\/2024\/02\/kickstart-banner-200x100.png 200w, https:\/\/rentaload.com\/wp-content\/uploads\/2024\/02\/kickstart-banner-400x200.png 400w, https:\/\/rentaload.com\/wp-content\/uploads\/2024\/02\/kickstart-banner-600x300.png 600w, https:\/\/rentaload.com\/wp-content\/uploads\/2024\/02\/kickstart-banner-800x400.png 800w, https:\/\/rentaload.com\/wp-content\/uploads\/2024\/02\/kickstart-banner-1200x600.png 1200w, https:\/\/rentaload.com\/wp-content\/uploads\/2024\/02\/kickstart-banner.png 1300w\" sizes=\"(max-width: 1024px) 100vw, (max-width: 640px) 100vw, 1200px\" \/><\/a><\/span><\/div><div class=\"fusion-builder-row fusion-builder-row-inner fusion-row fusion-flex-align-items-flex-start fusion-flex-justify-content-center fusion-flex-content-wrap\" style=\"--awb-flex-grow:0;--awb-flex-grow-medium:0;--awb-flex-grow-small:0;--awb-flex-shrink:0;--awb-flex-shrink-medium:0;--awb-flex-shrink-small:0;width:104% !important;max-width:104% !important;margin-left: calc(-4% \/ 2 );margin-right: calc(-4% \/ 2 );\"><div class=\"fusion-layout-column fusion_builder_column_inner fusion-builder-nested-column-0 fusion_builder_column_inner_1_2 1_2 fusion-flex-column fusion-flex-align-self-center\" style=\"--awb-bg-size:cover;--awb-width-large:50%;--awb-margin-top-large:5%;--awb-spacing-right-large:3.84%;--awb-margin-bottom-large:20px;--awb-spacing-left-large:3.84%;--awb-width-medium:100%;--awb-order-medium:0;--awb-spacing-right-medium:1.92%;--awb-spacing-left-medium:1.92%;--awb-width-small:100%;--awb-order-small:0;--awb-spacing-right-small:1.92%;--awb-spacing-left-small:1.92%;\"><div class=\"fusion-column-wrapper fusion-column-has-shadow fusion-flex-justify-content-center fusion-content-layout-column\"><div style=\"text-align:center;\"><a class=\"fusion-button button-flat button-large button-default fusion-button-default button-1 fusion-button-default-span fusion-button-default-type\" target=\"_self\" href=\"https:\/\/www.kickstartconf.eu\/registration.html\"><span class=\"fusion-button-text awb-button__text awb-button__text--default\">ME INSCRIBO EN EL ACTO<\/span><\/a><\/div><\/div><\/div><div class=\"fusion-layout-column fusion_builder_column_inner fusion-builder-nested-column-1 fusion_builder_column_inner_1_2 1_2 fusion-flex-column fusion-flex-align-self-center\" style=\"--awb-bg-size:cover;--awb-width-large:50%;--awb-margin-top-large:5%;--awb-spacing-right-large:3.84%;--awb-margin-bottom-large:20px;--awb-spacing-left-large:3.84%;--awb-width-medium:100%;--awb-order-medium:0;--awb-spacing-right-medium:1.92%;--awb-spacing-left-medium:1.92%;--awb-width-small:100%;--awb-order-small:0;--awb-spacing-right-small:1.92%;--awb-spacing-left-small:1.92%;\"><div class=\"fusion-column-wrapper fusion-column-has-shadow fusion-flex-justify-content-center fusion-content-layout-column\"><div style=\"text-align:center;\"><a class=\"fusion-button button-flat button-large button-custom fusion-button-default button-2 fusion-button-default-span fusion-button-default-type\" style=\"--button_accent_color:#ffffff;--button_accent_hover_color:#ffffff;--button_border_hover_color:#ffffff;--button_gradient_top_color:#ff7720;--button_gradient_bottom_color:#ff7720;--button_gradient_top_color_hover:#db6d2b;--button_gradient_bottom_color_hover:#db6d2b;\" target=\"_self\" href=\"https:\/\/meetings.hubspot.com\/david-guedes\/kickstart-2024\"><span class=\"fusion-button-text awb-button__text awb-button__text--default\">Reservo una reuni\u00f3n con Rentaload en el evento.<\/span><\/a><\/div><\/div><\/div><\/div><div class=\"fusion-title title fusion-title-2 fusion-sep-none fusion-title-text fusion-title-size-three\" style=\"--awb-margin-top:10%;--awb-margin-top-small:0px;--awb-margin-right-small:0px;--awb-margin-bottom-small:20px;--awb-margin-left-small:0px;\"><h3 class=\"fusion-title-heading title-heading-left\" style=\"margin:0;\">\u00bfQu\u00e9 oportunidades ofrece la conferencia Kickstart Europe 2024 de \u00c1msterdam?<\/h3><\/div><div class=\"fusion-text fusion-text-2\"><p>KickStart Europe es la conferencia anual de estrategia y creaci\u00f3n de redes sobre tendencias e inversiones en tecnolog\u00edas e infraestructuras digitales. Kickstart Europe, que reuni\u00f3 a principios de a\u00f1o a un variado grupo de profesionales del sector, explora las<strong> tendencias y tecnolog\u00edas emergentes que configuran la industria digital y la infraestructura digital de la nube, la conectividad y los centros de datos<\/strong>.<\/p>\n<p>&gt; <a href=\"https:\/\/www.kickstartconf.eu\/registration.html\">Reg\u00edstrese aqu\u00ed<\/a>.<\/p>\n<p>La conferencia ofrece muchas oportunidades para establecer contactos. As\u00ed que no se pierda esta importante reuni\u00f3n del sector con representantes de EMEA de actores clave como Iron Mountain, EdgeConneX, Equinix) que debatir\u00e1n sobre las \u00faltimas oportunidades y retos en el mercado de los centros de datos, bas\u00e1ndose en el an\u00e1lisis de crecimiento de CBRE.<\/p>\n<p>&gt; Ver el <a href=\"https:\/\/www.kickstartconf.eu\/program2024.html\">programa<\/a>.<\/p>\n<\/div><div class=\"fusion-title title fusion-title-3 fusion-sep-none fusion-title-text fusion-title-size-three\" style=\"--awb-margin-top:20%;--awb-margin-top-small:0px;--awb-margin-right-small:0px;--awb-margin-bottom-small:20px;--awb-margin-left-small:0px;\"><h3 class=\"fusion-title-heading title-heading-left\" style=\"margin:0;\">M\u00e1s informaci\u00f3n sobre la conferencia Kickstart Europe en \u00c1msterdam<\/h3><\/div><div class=\"fusion-text fusion-text-3\"><blockquote>\n<p><span style=\"color: #3f3f3f; font-size: medium;\">KickStart Europe es la conferencia anual de estrategia y creaci\u00f3n de redes sobre tendencias e inversiones en infraestructuras tecnol\u00f3gicas y digitales. Kickstart Europe, que re\u00fane a una serie de profesionales del sector a principios de a\u00f1o, explora las tendencias y tecnolog\u00edas emergentes que dan forma a la industria digital y a la infraestructura digital de la nube, la conectividad y los centros de datos.<\/span><\/p>\n<\/blockquote>\n<p>Kickstart Europe es la <strong>primera conferencia anual sobre estrategia y creaci\u00f3n de redes <\/strong> que re\u00fane a los l\u00edderes europeos en infraestructuras de TIC para estimular la inversi\u00f3n, los centros de datos, la periferia y la construcci\u00f3n a hiperescala, todo en un mismo lugar.<\/p>\n<p>Este acto de dos d\u00edas de duraci\u00f3n ofrecer\u00e1 <strong>oportunidades para establecer contactos<\/strong>  Le pondremos en contacto con las empresas adecuadas y le proporcionaremos expertos exclusivos con los que relacionarse, tanto si busca la empresa adecuada con la que asociarse como si desea mantenerse al d\u00eda de las nuevas tendencias m\u00e1s candentes en sostenibilidad, tecnolog\u00eda avanzada, energ\u00eda y refrigeraci\u00f3n, normativa e inversi\u00f3n,  <a href=\"https:\/\/rentaload.com\/es\/guia-de-puesta-en-marcha\/\">puesta en marcha<\/a> y mucho m\u00e1s.<\/p>\n<ul>\n<li><a href=\"https:\/\/www.kickstartconf.eu\/program2024.html\">El programa del acto ;<\/a><\/li>\n<li><a href=\"https:\/\/www.kickstartconf.eu\/speakers-272585.html\">La lista de<\/a> ponentes de las conferencias ;<\/li>\n<li><a href=\"https:\/\/www.kickstartconf.eu\/visitors-2024.html\">La lista de participantes<\/a><\/li>\n<\/ul>\n<\/div><div class=\"fusion-title title fusion-title-4 fusion-sep-none fusion-title-text fusion-title-size-three\" style=\"--awb-margin-top:20%;--awb-margin-top-small:0px;--awb-margin-right-small:0px;--awb-margin-bottom-small:20px;--awb-margin-left-small:0px;\"><h3 class=\"fusion-title-heading title-heading-left\" style=\"margin:0;\">6 razones para asistir a la conferencia Kickstart Europe en \u00c1msterdam<\/h3><\/div><ul style=\"--awb-item-padding-top:16px;--awb-item-padding-right:16px;--awb-item-padding-bottom:16px;--awb-item-padding-left:16px;--awb-odd-row-bgcolor:#ffe9e3;--awb-even-row-bgcolor:rgba(255,235,230,0.28);--awb-textcolor:var(--awb-custom14);--awb-line-height:23.8px;--awb-icon-width:23.8px;--awb-icon-height:23.8px;--awb-icon-margin:9.8px;--awb-content-margin:33.6px;--awb-circlecolor:#ff6f00;--awb-circle-yes-font-size:12.32px;\" class=\"fusion-checklist fusion-checklist-1 type-icons\"><li class=\"fusion-li-item\" style=\"\"><span class=\"icon-wrapper circle-yes\"><i class=\"fusion-li-icon awb-icon-check fas\" aria-hidden=\"true\"><\/i><\/span><div class=\"fusion-li-item-content\">\n<p>Conocer a muchos responsables de alto nivel<\/p>\n<\/div><\/li><li class=\"fusion-li-item\" style=\"\"><span class=\"icon-wrapper circle-yes\"><i class=\"fusion-li-icon awb-icon-check fas\" aria-hidden=\"true\"><\/i><\/span><div class=\"fusion-li-item-content\">\n<p>P\u00fablico internacional, orientaci\u00f3n europea<\/p>\n<\/div><\/li><li class=\"fusion-li-item\" style=\"\"><span class=\"icon-wrapper circle-yes\"><i class=\"fusion-li-icon awb-icon-check fas\" aria-hidden=\"true\"><\/i><\/span><div class=\"fusion-li-item-content\">\n<p>Obtenga la informaci\u00f3n m\u00e1s reciente de los expertos del sector<\/p>\n<\/div><\/li><li class=\"fusion-li-item\" style=\"\"><span class=\"icon-wrapper circle-yes\"><i class=\"fusion-li-icon awb-icon-check fas\" aria-hidden=\"true\"><\/i><\/span><div class=\"fusion-li-item-content\">\n<p>Desde principios de a\u00f1o<\/p>\n<\/div><\/li><li class=\"fusion-li-item\" style=\"\"><span class=\"icon-wrapper circle-yes\"><i class=\"fusion-li-icon awb-icon-check fas\" aria-hidden=\"true\"><\/i><\/span><div class=\"fusion-li-item-content\">\n<p>Viajar c\u00f3modamente por \u00c1msterdam<\/p>\n<\/div><\/li><li class=\"fusion-li-item\" style=\"\"><span class=\"icon-wrapper circle-yes\"><i class=\"fusion-li-icon awb-icon-check fas\" aria-hidden=\"true\"><\/i><\/span><div class=\"fusion-li-item-content\">\n<p>Por el sector, para el sector<\/p>\n<\/div><\/li><\/ul><div class=\"fusion-text fusion-text-4\" style=\"--awb-margin-top:5%;\"><p>Aproveche esta oportunidad para hablar con nuestros expertos en pruebas y puesta en servicio inteligentes: <span style=\"color: #ff6f00;\"><\/p>\n<p>  <a style=\"color: #ff6f00;\" href=\"https:\/\/meetings.hubspot.com\/david-guedes\/kickstart-2024\">Concierte una cita<\/a><\/p>\n<p><\/span>.<\/p>\n<p>Esperamos verle all\u00ed.<\/p>\n<\/div><\/div><\/div><\/div><\/div>\n","protected":false},"excerpt":{"rendered":"","protected":false},"author":3,"featured_media":51010,"comment_status":"closed","ping_status":"open","sticky":false,"template":"","format":"standard","meta":{"footnotes":""},"categories":[1623],"tags":[],"class_list":["post-51002","post","type-post","status-publish","format-standard","has-post-thumbnail","hentry","category-noticias-de-rentaload"],"yoast_head":"<!-- This site is optimized with the Yoast SEO plugin v27.4 - https:\/\/yoast.com\/product\/yoast-seo-wordpress\/ -->\n<title>Rentaload en la conferencia Kickstart Europe de \u00c1msterdam los d\u00edas 26 y 27 de febrero<\/title>\n<meta name=\"description\" content=\"Re\u00fanase con Rentaload en la conferencia Kickstart Europe los d\u00edas 26 y 27 de febrero de 2024 en \u00c1msterdam; \u00a1el primer evento que dar\u00e1 el pistoletazo de salida al a\u00f1o para el sector de los centros de datos!\" \/>\n<meta name=\"robots\" content=\"index, follow, max-snippet:-1, max-image-preview:large, max-video-preview:-1\" \/>\n<link rel=\"canonical\" href=\"https:\/\/rentaload.com\/es\/2024\/02\/21\/alquiler-a-la-conferencia-kickstart-europa-2024\/\" \/>\n<meta property=\"og:locale\" content=\"es_ES\" \/>\n<meta property=\"og:type\" content=\"article\" \/>\n<meta property=\"og:title\" content=\"Rentaload en la conferencia Kickstart Europe de \u00c1msterdam los d\u00edas 26 y 27 de febrero\" \/>\n<meta property=\"og:description\" content=\"Re\u00fanase con Rentaload en la conferencia Kickstart Europe los d\u00edas 26 y 27 de febrero de 2024 en \u00c1msterdam; \u00a1el primer evento que dar\u00e1 el pistoletazo de salida al a\u00f1o para el sector de los centros de datos!\" \/>\n<meta property=\"og:url\" content=\"https:\/\/rentaload.com\/es\/2024\/02\/21\/alquiler-a-la-conferencia-kickstart-europa-2024\/\" \/>\n<meta property=\"og:site_name\" content=\"Rentaload\" \/>\n<meta property=\"article:published_time\" content=\"2024-02-21T10:35:13+00:00\" \/>\n<meta property=\"article:modified_time\" content=\"2024-02-21T10:36:46+00:00\" \/>\n<meta property=\"og:image\" content=\"https:\/\/rentaload.com\/wp-content\/uploads\/2024\/02\/kickstart-banner.png\" \/>\n\t<meta property=\"og:image:width\" content=\"1300\" \/>\n\t<meta property=\"og:image:height\" content=\"650\" \/>\n\t<meta property=\"og:image:type\" content=\"image\/png\" \/>\n<meta name=\"author\" content=\"Contact Rentaload\" \/>\n<meta name=\"twitter:card\" content=\"summary_large_image\" \/>\n<meta name=\"twitter:label1\" content=\"Escrito por\" \/>\n\t<meta name=\"twitter:data1\" content=\"Contact Rentaload\" \/>\n\t<meta name=\"twitter:label2\" content=\"Tiempo de lectura\" \/>\n\t<meta name=\"twitter:data2\" content=\"19 minutos\" \/>\n<script type=\"application\/ld+json\" class=\"yoast-schema-graph\">{\"@context\":\"https:\\\/\\\/schema.org\",\"@graph\":[{\"@type\":\"Article\",\"@id\":\"https:\\\/\\\/rentaload.com\\\/es\\\/2024\\\/02\\\/21\\\/alquiler-a-la-conferencia-kickstart-europa-2024\\\/#article\",\"isPartOf\":{\"@id\":\"https:\\\/\\\/rentaload.com\\\/es\\\/2024\\\/02\\\/21\\\/alquiler-a-la-conferencia-kickstart-europa-2024\\\/\"},\"author\":{\"name\":\"Contact Rentaload\",\"@id\":\"https:\\\/\\\/rentaload.com\\\/es\\\/#\\\/schema\\\/person\\\/5123ccfb4f8b4596a194765583e0a435\"},\"headline\":\"Rentaload en la conferencia Kickstart Europe de \u00c1msterdam los d\u00edas 26 y 27 de febrero\",\"datePublished\":\"2024-02-21T10:35:13+00:00\",\"dateModified\":\"2024-02-21T10:36:46+00:00\",\"mainEntityOfPage\":{\"@id\":\"https:\\\/\\\/rentaload.com\\\/es\\\/2024\\\/02\\\/21\\\/alquiler-a-la-conferencia-kickstart-europa-2024\\\/\"},\"wordCount\":3748,\"publisher\":{\"@id\":\"https:\\\/\\\/rentaload.com\\\/es\\\/#organization\"},\"image\":{\"@id\":\"https:\\\/\\\/rentaload.com\\\/es\\\/2024\\\/02\\\/21\\\/alquiler-a-la-conferencia-kickstart-europa-2024\\\/#primaryimage\"},\"thumbnailUrl\":\"https:\\\/\\\/rentaload.com\\\/wp-content\\\/uploads\\\/2024\\\/02\\\/kickstart-banner.png\",\"articleSection\":[\"Noticias de Rentaload\"],\"inLanguage\":\"es\"},{\"@type\":\"WebPage\",\"@id\":\"https:\\\/\\\/rentaload.com\\\/es\\\/2024\\\/02\\\/21\\\/alquiler-a-la-conferencia-kickstart-europa-2024\\\/\",\"url\":\"https:\\\/\\\/rentaload.com\\\/es\\\/2024\\\/02\\\/21\\\/alquiler-a-la-conferencia-kickstart-europa-2024\\\/\",\"name\":\"Rentaload en la conferencia Kickstart Europe de \u00c1msterdam los d\u00edas 26 y 27 de febrero\",\"isPartOf\":{\"@id\":\"https:\\\/\\\/rentaload.com\\\/es\\\/#website\"},\"primaryImageOfPage\":{\"@id\":\"https:\\\/\\\/rentaload.com\\\/es\\\/2024\\\/02\\\/21\\\/alquiler-a-la-conferencia-kickstart-europa-2024\\\/#primaryimage\"},\"image\":{\"@id\":\"https:\\\/\\\/rentaload.com\\\/es\\\/2024\\\/02\\\/21\\\/alquiler-a-la-conferencia-kickstart-europa-2024\\\/#primaryimage\"},\"thumbnailUrl\":\"https:\\\/\\\/rentaload.com\\\/wp-content\\\/uploads\\\/2024\\\/02\\\/kickstart-banner.png\",\"datePublished\":\"2024-02-21T10:35:13+00:00\",\"dateModified\":\"2024-02-21T10:36:46+00:00\",\"description\":\"Re\u00fanase con Rentaload en la conferencia Kickstart Europe los d\u00edas 26 y 27 de febrero de 2024 en \u00c1msterdam; \u00a1el primer evento que dar\u00e1 el pistoletazo de salida al a\u00f1o para el sector de los centros de datos!\",\"inLanguage\":\"es\",\"potentialAction\":[{\"@type\":\"ReadAction\",\"target\":[\"https:\\\/\\\/rentaload.com\\\/es\\\/2024\\\/02\\\/21\\\/alquiler-a-la-conferencia-kickstart-europa-2024\\\/\"]}]},{\"@type\":\"ImageObject\",\"inLanguage\":\"es\",\"@id\":\"https:\\\/\\\/rentaload.com\\\/es\\\/2024\\\/02\\\/21\\\/alquiler-a-la-conferencia-kickstart-europa-2024\\\/#primaryimage\",\"url\":\"https:\\\/\\\/rentaload.com\\\/wp-content\\\/uploads\\\/2024\\\/02\\\/kickstart-banner.png\",\"contentUrl\":\"https:\\\/\\\/rentaload.com\\\/wp-content\\\/uploads\\\/2024\\\/02\\\/kickstart-banner.png\",\"width\":1300,\"height\":650},{\"@type\":\"WebSite\",\"@id\":\"https:\\\/\\\/rentaload.com\\\/es\\\/#website\",\"url\":\"https:\\\/\\\/rentaload.com\\\/es\\\/\",\"name\":\"Rentaload\",\"description\":\"Load bank hire - location banc de charge - Lastbank vermietung\",\"publisher\":{\"@id\":\"https:\\\/\\\/rentaload.com\\\/es\\\/#organization\"},\"potentialAction\":[{\"@type\":\"SearchAction\",\"target\":{\"@type\":\"EntryPoint\",\"urlTemplate\":\"https:\\\/\\\/rentaload.com\\\/es\\\/?s={search_term_string}\"},\"query-input\":{\"@type\":\"PropertyValueSpecification\",\"valueRequired\":true,\"valueName\":\"search_term_string\"}}],\"inLanguage\":\"es\"},{\"@type\":\"Organization\",\"@id\":\"https:\\\/\\\/rentaload.com\\\/es\\\/#organization\",\"name\":\"Rentaload\",\"url\":\"https:\\\/\\\/rentaload.com\\\/es\\\/\",\"logo\":{\"@type\":\"ImageObject\",\"inLanguage\":\"es\",\"@id\":\"https:\\\/\\\/rentaload.com\\\/es\\\/#\\\/schema\\\/logo\\\/image\\\/\",\"url\":\"https:\\\/\\\/rentaload.com\\\/wp-content\\\/uploads\\\/2018\\\/03\\\/rentaload-logo-location-banc-de-charge-test-louer-1.png\",\"contentUrl\":\"https:\\\/\\\/rentaload.com\\\/wp-content\\\/uploads\\\/2018\\\/03\\\/rentaload-logo-location-banc-de-charge-test-louer-1.png\",\"width\":470,\"height\":100,\"caption\":\"Rentaload\"},\"image\":{\"@id\":\"https:\\\/\\\/rentaload.com\\\/es\\\/#\\\/schema\\\/logo\\\/image\\\/\"}},{\"@type\":\"Person\",\"@id\":\"https:\\\/\\\/rentaload.com\\\/es\\\/#\\\/schema\\\/person\\\/5123ccfb4f8b4596a194765583e0a435\",\"name\":\"Contact Rentaload\",\"image\":{\"@type\":\"ImageObject\",\"inLanguage\":\"es\",\"@id\":\"https:\\\/\\\/secure.gravatar.com\\\/avatar\\\/e7f81a789400b9b2e0a20055f8f15e67de93ebf51d3981b0d248ba8ba66483d2?s=96&d=mm&r=g\",\"url\":\"https:\\\/\\\/secure.gravatar.com\\\/avatar\\\/e7f81a789400b9b2e0a20055f8f15e67de93ebf51d3981b0d248ba8ba66483d2?s=96&d=mm&r=g\",\"contentUrl\":\"https:\\\/\\\/secure.gravatar.com\\\/avatar\\\/e7f81a789400b9b2e0a20055f8f15e67de93ebf51d3981b0d248ba8ba66483d2?s=96&d=mm&r=g\",\"caption\":\"Contact Rentaload\"}}]}<\/script>\n<!-- \/ Yoast SEO plugin. -->","yoast_head_json":{"title":"Rentaload en la conferencia Kickstart Europe de \u00c1msterdam los d\u00edas 26 y 27 de febrero","description":"Re\u00fanase con Rentaload en la conferencia Kickstart Europe los d\u00edas 26 y 27 de febrero de 2024 en \u00c1msterdam; \u00a1el primer evento que dar\u00e1 el pistoletazo de salida al a\u00f1o para el sector de los centros de datos!","robots":{"index":"index","follow":"follow","max-snippet":"max-snippet:-1","max-image-preview":"max-image-preview:large","max-video-preview":"max-video-preview:-1"},"canonical":"https:\/\/rentaload.com\/es\/2024\/02\/21\/alquiler-a-la-conferencia-kickstart-europa-2024\/","og_locale":"es_ES","og_type":"article","og_title":"Rentaload en la conferencia Kickstart Europe de \u00c1msterdam los d\u00edas 26 y 27 de febrero","og_description":"Re\u00fanase con Rentaload en la conferencia Kickstart Europe los d\u00edas 26 y 27 de febrero de 2024 en \u00c1msterdam; \u00a1el primer evento que dar\u00e1 el pistoletazo de salida al a\u00f1o para el sector de los centros de datos!","og_url":"https:\/\/rentaload.com\/es\/2024\/02\/21\/alquiler-a-la-conferencia-kickstart-europa-2024\/","og_site_name":"Rentaload","article_published_time":"2024-02-21T10:35:13+00:00","article_modified_time":"2024-02-21T10:36:46+00:00","og_image":[{"width":1300,"height":650,"url":"https:\/\/rentaload.com\/wp-content\/uploads\/2024\/02\/kickstart-banner.png","type":"image\/png"}],"author":"Contact Rentaload","twitter_card":"summary_large_image","twitter_misc":{"Escrito por":"Contact Rentaload","Tiempo de lectura":"19 minutos"},"schema":{"@context":"https:\/\/schema.org","@graph":[{"@type":"Article","@id":"https:\/\/rentaload.com\/es\/2024\/02\/21\/alquiler-a-la-conferencia-kickstart-europa-2024\/#article","isPartOf":{"@id":"https:\/\/rentaload.com\/es\/2024\/02\/21\/alquiler-a-la-conferencia-kickstart-europa-2024\/"},"author":{"name":"Contact Rentaload","@id":"https:\/\/rentaload.com\/es\/#\/schema\/person\/5123ccfb4f8b4596a194765583e0a435"},"headline":"Rentaload en la conferencia Kickstart Europe de \u00c1msterdam los d\u00edas 26 y 27 de febrero","datePublished":"2024-02-21T10:35:13+00:00","dateModified":"2024-02-21T10:36:46+00:00","mainEntityOfPage":{"@id":"https:\/\/rentaload.com\/es\/2024\/02\/21\/alquiler-a-la-conferencia-kickstart-europa-2024\/"},"wordCount":3748,"publisher":{"@id":"https:\/\/rentaload.com\/es\/#organization"},"image":{"@id":"https:\/\/rentaload.com\/es\/2024\/02\/21\/alquiler-a-la-conferencia-kickstart-europa-2024\/#primaryimage"},"thumbnailUrl":"https:\/\/rentaload.com\/wp-content\/uploads\/2024\/02\/kickstart-banner.png","articleSection":["Noticias de Rentaload"],"inLanguage":"es"},{"@type":"WebPage","@id":"https:\/\/rentaload.com\/es\/2024\/02\/21\/alquiler-a-la-conferencia-kickstart-europa-2024\/","url":"https:\/\/rentaload.com\/es\/2024\/02\/21\/alquiler-a-la-conferencia-kickstart-europa-2024\/","name":"Rentaload en la conferencia Kickstart Europe de \u00c1msterdam los d\u00edas 26 y 27 de febrero","isPartOf":{"@id":"https:\/\/rentaload.com\/es\/#website"},"primaryImageOfPage":{"@id":"https:\/\/rentaload.com\/es\/2024\/02\/21\/alquiler-a-la-conferencia-kickstart-europa-2024\/#primaryimage"},"image":{"@id":"https:\/\/rentaload.com\/es\/2024\/02\/21\/alquiler-a-la-conferencia-kickstart-europa-2024\/#primaryimage"},"thumbnailUrl":"https:\/\/rentaload.com\/wp-content\/uploads\/2024\/02\/kickstart-banner.png","datePublished":"2024-02-21T10:35:13+00:00","dateModified":"2024-02-21T10:36:46+00:00","description":"Re\u00fanase con Rentaload en la conferencia Kickstart Europe los d\u00edas 26 y 27 de febrero de 2024 en \u00c1msterdam; \u00a1el primer evento que dar\u00e1 el pistoletazo de salida al a\u00f1o para el sector de los centros de datos!","inLanguage":"es","potentialAction":[{"@type":"ReadAction","target":["https:\/\/rentaload.com\/es\/2024\/02\/21\/alquiler-a-la-conferencia-kickstart-europa-2024\/"]}]},{"@type":"ImageObject","inLanguage":"es","@id":"https:\/\/rentaload.com\/es\/2024\/02\/21\/alquiler-a-la-conferencia-kickstart-europa-2024\/#primaryimage","url":"https:\/\/rentaload.com\/wp-content\/uploads\/2024\/02\/kickstart-banner.png","contentUrl":"https:\/\/rentaload.com\/wp-content\/uploads\/2024\/02\/kickstart-banner.png","width":1300,"height":650},{"@type":"WebSite","@id":"https:\/\/rentaload.com\/es\/#website","url":"https:\/\/rentaload.com\/es\/","name":"Rentaload","description":"Load bank hire - location banc de charge - Lastbank vermietung","publisher":{"@id":"https:\/\/rentaload.com\/es\/#organization"},"potentialAction":[{"@type":"SearchAction","target":{"@type":"EntryPoint","urlTemplate":"https:\/\/rentaload.com\/es\/?s={search_term_string}"},"query-input":{"@type":"PropertyValueSpecification","valueRequired":true,"valueName":"search_term_string"}}],"inLanguage":"es"},{"@type":"Organization","@id":"https:\/\/rentaload.com\/es\/#organization","name":"Rentaload","url":"https:\/\/rentaload.com\/es\/","logo":{"@type":"ImageObject","inLanguage":"es","@id":"https:\/\/rentaload.com\/es\/#\/schema\/logo\/image\/","url":"https:\/\/rentaload.com\/wp-content\/uploads\/2018\/03\/rentaload-logo-location-banc-de-charge-test-louer-1.png","contentUrl":"https:\/\/rentaload.com\/wp-content\/uploads\/2018\/03\/rentaload-logo-location-banc-de-charge-test-louer-1.png","width":470,"height":100,"caption":"Rentaload"},"image":{"@id":"https:\/\/rentaload.com\/es\/#\/schema\/logo\/image\/"}},{"@type":"Person","@id":"https:\/\/rentaload.com\/es\/#\/schema\/person\/5123ccfb4f8b4596a194765583e0a435","name":"Contact Rentaload","image":{"@type":"ImageObject","inLanguage":"es","@id":"https:\/\/secure.gravatar.com\/avatar\/e7f81a789400b9b2e0a20055f8f15e67de93ebf51d3981b0d248ba8ba66483d2?s=96&d=mm&r=g","url":"https:\/\/secure.gravatar.com\/avatar\/e7f81a789400b9b2e0a20055f8f15e67de93ebf51d3981b0d248ba8ba66483d2?s=96&d=mm&r=g","contentUrl":"https:\/\/secure.gravatar.com\/avatar\/e7f81a789400b9b2e0a20055f8f15e67de93ebf51d3981b0d248ba8ba66483d2?s=96&d=mm&r=g","caption":"Contact Rentaload"}}]}},"_links":{"self":[{"href":"https:\/\/rentaload.com\/es\/wp-json\/wp\/v2\/posts\/51002","targetHints":{"allow":["GET"]}}],"collection":[{"href":"https:\/\/rentaload.com\/es\/wp-json\/wp\/v2\/posts"}],"about":[{"href":"https:\/\/rentaload.com\/es\/wp-json\/wp\/v2\/types\/post"}],"author":[{"embeddable":true,"href":"https:\/\/rentaload.com\/es\/wp-json\/wp\/v2\/users\/3"}],"replies":[{"embeddable":true,"href":"https:\/\/rentaload.com\/es\/wp-json\/wp\/v2\/comments?post=51002"}],"version-history":[{"count":5,"href":"https:\/\/rentaload.com\/es\/wp-json\/wp\/v2\/posts\/51002\/revisions"}],"predecessor-version":[{"id":51041,"href":"https:\/\/rentaload.com\/es\/wp-json\/wp\/v2\/posts\/51002\/revisions\/51041"}],"wp:featuredmedia":[{"embeddable":true,"href":"https:\/\/rentaload.com\/es\/wp-json\/wp\/v2\/media\/51010"}],"wp:attachment":[{"href":"https:\/\/rentaload.com\/es\/wp-json\/wp\/v2\/media?parent=51002"}],"wp:term":[{"taxonomy":"category","embeddable":true,"href":"https:\/\/rentaload.com\/es\/wp-json\/wp\/v2\/categories?post=51002"},{"taxonomy":"post_tag","embeddable":true,"href":"https:\/\/rentaload.com\/es\/wp-json\/wp\/v2\/tags?post=51002"}],"curies":[{"name":"wp","href":"https:\/\/api.w.org\/{rel}","templated":true}]}}