{"id":14109,"date":"2021-11-10T15:36:43","date_gmt":"2021-11-10T14:36:43","guid":{"rendered":"https:\/\/rentaload.com\/?p=14109"},"modified":"2022-03-22T07:54:21","modified_gmt":"2022-03-22T06:54:21","slug":"rentaload-au-salon-datacloud-nordics-a-copenhague-les-29-et-30-novembre-2021","status":"publish","type":"post","link":"https:\/\/rentaload.com\/fr\/2021\/11\/10\/rentaload-au-salon-datacloud-nordics-a-copenhague-les-29-et-30-novembre-2021\/","title":{"rendered":"Rentaload au salon \u00ab Datacloud Nordics \u00bb \u00e0 Copenhague les 29 et 30 novembre 2021"},"content":{"rendered":"<div class=\"fusion-fullwidth fullwidth-box fusion-builder-row-1 fusion-flex-container nonhundred-percent-fullwidth non-hundred-percent-height-scrolling\" style=\"--awb-border-radius-top-left:0px;--awb-border-radius-top-right:0px;--awb-border-radius-bottom-right:0px;--awb-border-radius-bottom-left:0px;--awb-flex-wrap:wrap;\" ><div class=\"fusion-builder-row fusion-row fusion-flex-align-items-flex-start fusion-flex-content-wrap\" style=\"max-width:1144px;margin-left: calc(-4% \/ 2 );margin-right: calc(-4% \/ 2 );\"><div class=\"fusion-layout-column fusion_builder_column fusion-builder-column-0 fusion_builder_column_1_1 1_1 fusion-flex-column\" style=\"--awb-bg-size:cover;--awb-width-large:100%;--awb-margin-top-large:0px;--awb-spacing-right-large:1.92%;--awb-margin-bottom-large:20px;--awb-spacing-left-large:1.92%;--awb-width-medium:100%;--awb-order-medium:0;--awb-spacing-right-medium:1.92%;--awb-spacing-left-medium:1.92%;--awb-width-small:100%;--awb-order-small:0;--awb-spacing-right-small:1.92%;--awb-spacing-left-small:1.92%;\"><div class=\"fusion-column-wrapper fusion-column-has-shadow fusion-flex-justify-content-flex-start fusion-content-layout-column\"><div class=\"fusion-text fusion-text-1\" style=\"--awb-text-transform:none;\"><p>Rentaload sera pr\u00e9sent au salon \u00ab\u00a0Datacloud Nordics\u00a0\u00bb \u00e0 Copenhague\u00a0<strong>les lundi 29 et mardi 30 novembre.<\/strong><\/p>\n<p>D\u00e9couvrez :<\/p>\n<ul>\n<li><a href=\"https:\/\/events.broad-group.com\/event\/0df1bfcd-35f8-4336-8af7-fa80161d42c1\/websitePage:645d57e4-75eb-4769-b2c0-f201a0bfc6ce\">le programme de l\u2019\u00e9v\u00e9nement sur les deux jours<\/a><\/li>\n<li><a href=\"https:\/\/events.broad-group.com\/event\/0df1bfcd-35f8-4336-8af7-fa80161d42c1\/websitePage:b546360f-0e47-4002-9373-2e9a82a8db4e\">les intervenants<\/a><\/li>\n<li><a href=\"https:\/\/events.broad-group.com\/event\/0df1bfcd-35f8-4336-8af7-fa80161d42c1\/websitePage:175ab823-c700-40b9-bda9-e288632dff54\">les exposants<\/a><\/li>\n<li><a href=\"https:\/\/events.broad-group.com\/event\/0df1bfcd-35f8-4336-8af7-fa80161d42c1\/websitePage:8a38e936-2b81-4dbb-8697-2c036c440dfc\">le lieu<\/a><\/li>\n<\/ul>\n<p><a class=\"fusion-button button-flat fusion-button-default-size button-default button-1 fusion-button-default-span fusion-button-default-type\" href=\"https:\/\/events.broad-group.com\/event\/0df1bfcd-35f8-4336-8af7-fa80161d42c1\/regProcessStep1\" target=\"_self\" rel=\"noopener\"><span class=\"fusion-button-text\">INSCRIVEZ-VOUS<\/span><\/a><\/p>\n<h2>\u00c0 PROPOS DE DATACLOUD NORDICS :<\/h2>\n<p>C\u2019est un \u00e9v\u00e9nement de mise en r\u00e9seau avec les leaders locaux et internationaux de l\u2019infrastructure TIC pour stimuler l\u2019investissement, le datacenter, l\u2019edge et la construction hyperscale dans l\u2019un des hubs de donn\u00e9es les plus verts du monde.<\/p>\n<p>L\u2019\u00e9v\u00e9nement, qui en est \u00e0 sa 6e \u00e9dition, offre une plateforme pour renouer les liens et discuter des derni\u00e8res tendances, notamment en mati\u00e8re d\u2019investissement, de jumeaux num\u00e9riques, d\u2019\u00e9nergie verte et de connectivit\u00e9 internationale.<\/p>\n<\/div><\/div><\/div><\/div><\/div>\n","protected":false},"excerpt":{"rendered":"","protected":false},"author":10,"featured_media":14110,"comment_status":"closed","ping_status":"open","sticky":false,"template":"","format":"standard","meta":{"footnotes":""},"categories":[77],"tags":[],"class_list":["post-14109","post","type-post","status-publish","format-standard","has-post-thumbnail","hentry","category-non-classe"],"yoast_head":"<!-- This site is optimized with the Yoast SEO plugin v27.5 - https:\/\/yoast.com\/product\/yoast-seo-wordpress\/ -->\n<title>RENTALOAD : Rentaload au salon \u00ab Datacloud Nordics \u00bb \u00e0 Copenhague les 29 et 30 novembre 2021 -<\/title>\n<meta name=\"description\" content=\"D\u00e9couvrez le t\u00e9moignage client de Dalkia suite \u00e0 une prestation effectu\u00e9e par Rentaload pour un datacenter en janvier 2021\" \/>\n<meta name=\"robots\" content=\"index, follow, max-snippet:-1, max-image-preview:large, max-video-preview:-1\" \/>\n<link rel=\"canonical\" href=\"https:\/\/rentaload.com\/fr\/2021\/11\/10\/rentaload-au-salon-datacloud-nordics-a-copenhague-les-29-et-30-novembre-2021\/\" \/>\n<meta property=\"og:locale\" content=\"fr_FR\" \/>\n<meta property=\"og:type\" content=\"article\" \/>\n<meta property=\"og:title\" content=\"RENTALOAD : Rentaload au salon \u00ab Datacloud Nordics \u00bb \u00e0 Copenhague les 29 et 30 novembre 2021 -\" \/>\n<meta property=\"og:description\" content=\"D\u00e9couvrez le t\u00e9moignage client de Dalkia suite \u00e0 une prestation effectu\u00e9e par Rentaload pour un datacenter en janvier 2021\" \/>\n<meta property=\"og:url\" content=\"https:\/\/rentaload.com\/fr\/2021\/11\/10\/rentaload-au-salon-datacloud-nordics-a-copenhague-les-29-et-30-novembre-2021\/\" \/>\n<meta property=\"og:site_name\" content=\"Rentaload\" \/>\n<meta property=\"article:published_time\" content=\"2021-11-10T14:36:43+00:00\" \/>\n<meta property=\"article:modified_time\" content=\"2022-03-22T06:54:21+00:00\" \/>\n<meta property=\"og:image\" content=\"https:\/\/rentaload.com\/wp-content\/uploads\/2022\/03\/DC-Nordics.png\" \/>\n\t<meta property=\"og:image:width\" content=\"529\" \/>\n\t<meta property=\"og:image:height\" content=\"235\" \/>\n\t<meta property=\"og:image:type\" content=\"image\/png\" \/>\n<meta name=\"author\" content=\"adminMalala\" \/>\n<meta name=\"twitter:card\" content=\"summary_large_image\" \/>\n<meta name=\"twitter:label1\" content=\"\u00c9crit par\" \/>\n\t<meta name=\"twitter:data1\" content=\"adminMalala\" \/>\n\t<meta name=\"twitter:label2\" content=\"Dur\u00e9e de lecture estim\u00e9e\" \/>\n\t<meta name=\"twitter:data2\" content=\"3 minutes\" \/>\n<script type=\"application\/ld+json\" class=\"yoast-schema-graph\">{\"@context\":\"https:\\\/\\\/schema.org\",\"@graph\":[{\"@type\":\"Article\",\"@id\":\"https:\\\/\\\/rentaload.com\\\/fr\\\/2021\\\/11\\\/10\\\/rentaload-au-salon-datacloud-nordics-a-copenhague-les-29-et-30-novembre-2021\\\/#article\",\"isPartOf\":{\"@id\":\"https:\\\/\\\/rentaload.com\\\/fr\\\/2021\\\/11\\\/10\\\/rentaload-au-salon-datacloud-nordics-a-copenhague-les-29-et-30-novembre-2021\\\/\"},\"author\":{\"name\":\"adminMalala\",\"@id\":\"https:\\\/\\\/rentaload.com\\\/fr\\\/#\\\/schema\\\/person\\\/1df518d42217cef3f1f4af1c1c7aedf4\"},\"headline\":\"Rentaload au salon \u00ab Datacloud Nordics \u00bb \u00e0 Copenhague les 29 et 30 novembre 2021\",\"datePublished\":\"2021-11-10T14:36:43+00:00\",\"dateModified\":\"2022-03-22T06:54:21+00:00\",\"mainEntityOfPage\":{\"@id\":\"https:\\\/\\\/rentaload.com\\\/fr\\\/2021\\\/11\\\/10\\\/rentaload-au-salon-datacloud-nordics-a-copenhague-les-29-et-30-novembre-2021\\\/\"},\"wordCount\":742,\"publisher\":{\"@id\":\"https:\\\/\\\/rentaload.com\\\/fr\\\/#organization\"},\"image\":{\"@id\":\"https:\\\/\\\/rentaload.com\\\/fr\\\/2021\\\/11\\\/10\\\/rentaload-au-salon-datacloud-nordics-a-copenhague-les-29-et-30-novembre-2021\\\/#primaryimage\"},\"thumbnailUrl\":\"https:\\\/\\\/rentaload.com\\\/wp-content\\\/uploads\\\/2022\\\/03\\\/DC-Nordics.png\",\"inLanguage\":\"fr-FR\"},{\"@type\":\"WebPage\",\"@id\":\"https:\\\/\\\/rentaload.com\\\/fr\\\/2021\\\/11\\\/10\\\/rentaload-au-salon-datacloud-nordics-a-copenhague-les-29-et-30-novembre-2021\\\/\",\"url\":\"https:\\\/\\\/rentaload.com\\\/fr\\\/2021\\\/11\\\/10\\\/rentaload-au-salon-datacloud-nordics-a-copenhague-les-29-et-30-novembre-2021\\\/\",\"name\":\"RENTALOAD : Rentaload au salon \u00ab Datacloud Nordics \u00bb \u00e0 Copenhague les 29 et 30 novembre 2021 -\",\"isPartOf\":{\"@id\":\"https:\\\/\\\/rentaload.com\\\/fr\\\/#website\"},\"primaryImageOfPage\":{\"@id\":\"https:\\\/\\\/rentaload.com\\\/fr\\\/2021\\\/11\\\/10\\\/rentaload-au-salon-datacloud-nordics-a-copenhague-les-29-et-30-novembre-2021\\\/#primaryimage\"},\"image\":{\"@id\":\"https:\\\/\\\/rentaload.com\\\/fr\\\/2021\\\/11\\\/10\\\/rentaload-au-salon-datacloud-nordics-a-copenhague-les-29-et-30-novembre-2021\\\/#primaryimage\"},\"thumbnailUrl\":\"https:\\\/\\\/rentaload.com\\\/wp-content\\\/uploads\\\/2022\\\/03\\\/DC-Nordics.png\",\"datePublished\":\"2021-11-10T14:36:43+00:00\",\"dateModified\":\"2022-03-22T06:54:21+00:00\",\"description\":\"D\u00e9couvrez le t\u00e9moignage client de Dalkia suite \u00e0 une prestation effectu\u00e9e par Rentaload pour un datacenter en janvier 2021\",\"inLanguage\":\"fr-FR\",\"potentialAction\":[{\"@type\":\"ReadAction\",\"target\":[\"https:\\\/\\\/rentaload.com\\\/fr\\\/2021\\\/11\\\/10\\\/rentaload-au-salon-datacloud-nordics-a-copenhague-les-29-et-30-novembre-2021\\\/\"]}]},{\"@type\":\"ImageObject\",\"inLanguage\":\"fr-FR\",\"@id\":\"https:\\\/\\\/rentaload.com\\\/fr\\\/2021\\\/11\\\/10\\\/rentaload-au-salon-datacloud-nordics-a-copenhague-les-29-et-30-novembre-2021\\\/#primaryimage\",\"url\":\"https:\\\/\\\/rentaload.com\\\/wp-content\\\/uploads\\\/2022\\\/03\\\/DC-Nordics.png\",\"contentUrl\":\"https:\\\/\\\/rentaload.com\\\/wp-content\\\/uploads\\\/2022\\\/03\\\/DC-Nordics.png\",\"width\":529,\"height\":235},{\"@type\":\"WebSite\",\"@id\":\"https:\\\/\\\/rentaload.com\\\/fr\\\/#website\",\"url\":\"https:\\\/\\\/rentaload.com\\\/fr\\\/\",\"name\":\"Rentaload\",\"description\":\"Load bank hire - location banc de charge - Lastbank vermietung\",\"publisher\":{\"@id\":\"https:\\\/\\\/rentaload.com\\\/fr\\\/#organization\"},\"potentialAction\":[{\"@type\":\"SearchAction\",\"target\":{\"@type\":\"EntryPoint\",\"urlTemplate\":\"https:\\\/\\\/rentaload.com\\\/fr\\\/?s={search_term_string}\"},\"query-input\":{\"@type\":\"PropertyValueSpecification\",\"valueRequired\":true,\"valueName\":\"search_term_string\"}}],\"inLanguage\":\"fr-FR\"},{\"@type\":\"Organization\",\"@id\":\"https:\\\/\\\/rentaload.com\\\/fr\\\/#organization\",\"name\":\"Rentaload\",\"url\":\"https:\\\/\\\/rentaload.com\\\/fr\\\/\",\"logo\":{\"@type\":\"ImageObject\",\"inLanguage\":\"fr-FR\",\"@id\":\"https:\\\/\\\/rentaload.com\\\/fr\\\/#\\\/schema\\\/logo\\\/image\\\/\",\"url\":\"https:\\\/\\\/rentaload.com\\\/wp-content\\\/uploads\\\/2018\\\/03\\\/rentaload-logo-location-banc-de-charge-test-louer-1.png\",\"contentUrl\":\"https:\\\/\\\/rentaload.com\\\/wp-content\\\/uploads\\\/2018\\\/03\\\/rentaload-logo-location-banc-de-charge-test-louer-1.png\",\"width\":470,\"height\":100,\"caption\":\"Rentaload\"},\"image\":{\"@id\":\"https:\\\/\\\/rentaload.com\\\/fr\\\/#\\\/schema\\\/logo\\\/image\\\/\"}},{\"@type\":\"Person\",\"@id\":\"https:\\\/\\\/rentaload.com\\\/fr\\\/#\\\/schema\\\/person\\\/1df518d42217cef3f1f4af1c1c7aedf4\",\"name\":\"adminMalala\",\"image\":{\"@type\":\"ImageObject\",\"inLanguage\":\"fr-FR\",\"@id\":\"https:\\\/\\\/secure.gravatar.com\\\/avatar\\\/911c38bd1b055d215e9e723f8cf5cf6e0410081766de691ba1ac706711e62d6c?s=96&d=mm&r=g\",\"url\":\"https:\\\/\\\/secure.gravatar.com\\\/avatar\\\/911c38bd1b055d215e9e723f8cf5cf6e0410081766de691ba1ac706711e62d6c?s=96&d=mm&r=g\",\"contentUrl\":\"https:\\\/\\\/secure.gravatar.com\\\/avatar\\\/911c38bd1b055d215e9e723f8cf5cf6e0410081766de691ba1ac706711e62d6c?s=96&d=mm&r=g\",\"caption\":\"adminMalala\"}}]}<\/script>\n<!-- \/ Yoast SEO plugin. -->","yoast_head_json":{"title":"RENTALOAD : Rentaload au salon \u00ab Datacloud Nordics \u00bb \u00e0 Copenhague les 29 et 30 novembre 2021 -","description":"D\u00e9couvrez le t\u00e9moignage client de Dalkia suite \u00e0 une prestation effectu\u00e9e par Rentaload pour un datacenter en janvier 2021","robots":{"index":"index","follow":"follow","max-snippet":"max-snippet:-1","max-image-preview":"max-image-preview:large","max-video-preview":"max-video-preview:-1"},"canonical":"https:\/\/rentaload.com\/fr\/2021\/11\/10\/rentaload-au-salon-datacloud-nordics-a-copenhague-les-29-et-30-novembre-2021\/","og_locale":"fr_FR","og_type":"article","og_title":"RENTALOAD : Rentaload au salon \u00ab Datacloud Nordics \u00bb \u00e0 Copenhague les 29 et 30 novembre 2021 -","og_description":"D\u00e9couvrez le t\u00e9moignage client de Dalkia suite \u00e0 une prestation effectu\u00e9e par Rentaload pour un datacenter en janvier 2021","og_url":"https:\/\/rentaload.com\/fr\/2021\/11\/10\/rentaload-au-salon-datacloud-nordics-a-copenhague-les-29-et-30-novembre-2021\/","og_site_name":"Rentaload","article_published_time":"2021-11-10T14:36:43+00:00","article_modified_time":"2022-03-22T06:54:21+00:00","og_image":[{"width":529,"height":235,"url":"https:\/\/rentaload.com\/wp-content\/uploads\/2022\/03\/DC-Nordics.png","type":"image\/png"}],"author":"adminMalala","twitter_card":"summary_large_image","twitter_misc":{"\u00c9crit par":"adminMalala","Dur\u00e9e de lecture estim\u00e9e":"3 minutes"},"schema":{"@context":"https:\/\/schema.org","@graph":[{"@type":"Article","@id":"https:\/\/rentaload.com\/fr\/2021\/11\/10\/rentaload-au-salon-datacloud-nordics-a-copenhague-les-29-et-30-novembre-2021\/#article","isPartOf":{"@id":"https:\/\/rentaload.com\/fr\/2021\/11\/10\/rentaload-au-salon-datacloud-nordics-a-copenhague-les-29-et-30-novembre-2021\/"},"author":{"name":"adminMalala","@id":"https:\/\/rentaload.com\/fr\/#\/schema\/person\/1df518d42217cef3f1f4af1c1c7aedf4"},"headline":"Rentaload au salon \u00ab Datacloud Nordics \u00bb \u00e0 Copenhague les 29 et 30 novembre 2021","datePublished":"2021-11-10T14:36:43+00:00","dateModified":"2022-03-22T06:54:21+00:00","mainEntityOfPage":{"@id":"https:\/\/rentaload.com\/fr\/2021\/11\/10\/rentaload-au-salon-datacloud-nordics-a-copenhague-les-29-et-30-novembre-2021\/"},"wordCount":742,"publisher":{"@id":"https:\/\/rentaload.com\/fr\/#organization"},"image":{"@id":"https:\/\/rentaload.com\/fr\/2021\/11\/10\/rentaload-au-salon-datacloud-nordics-a-copenhague-les-29-et-30-novembre-2021\/#primaryimage"},"thumbnailUrl":"https:\/\/rentaload.com\/wp-content\/uploads\/2022\/03\/DC-Nordics.png","inLanguage":"fr-FR"},{"@type":"WebPage","@id":"https:\/\/rentaload.com\/fr\/2021\/11\/10\/rentaload-au-salon-datacloud-nordics-a-copenhague-les-29-et-30-novembre-2021\/","url":"https:\/\/rentaload.com\/fr\/2021\/11\/10\/rentaload-au-salon-datacloud-nordics-a-copenhague-les-29-et-30-novembre-2021\/","name":"RENTALOAD : Rentaload au salon \u00ab Datacloud Nordics \u00bb \u00e0 Copenhague les 29 et 30 novembre 2021 -","isPartOf":{"@id":"https:\/\/rentaload.com\/fr\/#website"},"primaryImageOfPage":{"@id":"https:\/\/rentaload.com\/fr\/2021\/11\/10\/rentaload-au-salon-datacloud-nordics-a-copenhague-les-29-et-30-novembre-2021\/#primaryimage"},"image":{"@id":"https:\/\/rentaload.com\/fr\/2021\/11\/10\/rentaload-au-salon-datacloud-nordics-a-copenhague-les-29-et-30-novembre-2021\/#primaryimage"},"thumbnailUrl":"https:\/\/rentaload.com\/wp-content\/uploads\/2022\/03\/DC-Nordics.png","datePublished":"2021-11-10T14:36:43+00:00","dateModified":"2022-03-22T06:54:21+00:00","description":"D\u00e9couvrez le t\u00e9moignage client de Dalkia suite \u00e0 une prestation effectu\u00e9e par Rentaload pour un datacenter en janvier 2021","inLanguage":"fr-FR","potentialAction":[{"@type":"ReadAction","target":["https:\/\/rentaload.com\/fr\/2021\/11\/10\/rentaload-au-salon-datacloud-nordics-a-copenhague-les-29-et-30-novembre-2021\/"]}]},{"@type":"ImageObject","inLanguage":"fr-FR","@id":"https:\/\/rentaload.com\/fr\/2021\/11\/10\/rentaload-au-salon-datacloud-nordics-a-copenhague-les-29-et-30-novembre-2021\/#primaryimage","url":"https:\/\/rentaload.com\/wp-content\/uploads\/2022\/03\/DC-Nordics.png","contentUrl":"https:\/\/rentaload.com\/wp-content\/uploads\/2022\/03\/DC-Nordics.png","width":529,"height":235},{"@type":"WebSite","@id":"https:\/\/rentaload.com\/fr\/#website","url":"https:\/\/rentaload.com\/fr\/","name":"Rentaload","description":"Load bank hire - location banc de charge - Lastbank vermietung","publisher":{"@id":"https:\/\/rentaload.com\/fr\/#organization"},"potentialAction":[{"@type":"SearchAction","target":{"@type":"EntryPoint","urlTemplate":"https:\/\/rentaload.com\/fr\/?s={search_term_string}"},"query-input":{"@type":"PropertyValueSpecification","valueRequired":true,"valueName":"search_term_string"}}],"inLanguage":"fr-FR"},{"@type":"Organization","@id":"https:\/\/rentaload.com\/fr\/#organization","name":"Rentaload","url":"https:\/\/rentaload.com\/fr\/","logo":{"@type":"ImageObject","inLanguage":"fr-FR","@id":"https:\/\/rentaload.com\/fr\/#\/schema\/logo\/image\/","url":"https:\/\/rentaload.com\/wp-content\/uploads\/2018\/03\/rentaload-logo-location-banc-de-charge-test-louer-1.png","contentUrl":"https:\/\/rentaload.com\/wp-content\/uploads\/2018\/03\/rentaload-logo-location-banc-de-charge-test-louer-1.png","width":470,"height":100,"caption":"Rentaload"},"image":{"@id":"https:\/\/rentaload.com\/fr\/#\/schema\/logo\/image\/"}},{"@type":"Person","@id":"https:\/\/rentaload.com\/fr\/#\/schema\/person\/1df518d42217cef3f1f4af1c1c7aedf4","name":"adminMalala","image":{"@type":"ImageObject","inLanguage":"fr-FR","@id":"https:\/\/secure.gravatar.com\/avatar\/911c38bd1b055d215e9e723f8cf5cf6e0410081766de691ba1ac706711e62d6c?s=96&d=mm&r=g","url":"https:\/\/secure.gravatar.com\/avatar\/911c38bd1b055d215e9e723f8cf5cf6e0410081766de691ba1ac706711e62d6c?s=96&d=mm&r=g","contentUrl":"https:\/\/secure.gravatar.com\/avatar\/911c38bd1b055d215e9e723f8cf5cf6e0410081766de691ba1ac706711e62d6c?s=96&d=mm&r=g","caption":"adminMalala"}}]}},"_links":{"self":[{"href":"https:\/\/rentaload.com\/fr\/wp-json\/wp\/v2\/posts\/14109","targetHints":{"allow":["GET"]}}],"collection":[{"href":"https:\/\/rentaload.com\/fr\/wp-json\/wp\/v2\/posts"}],"about":[{"href":"https:\/\/rentaload.com\/fr\/wp-json\/wp\/v2\/types\/post"}],"author":[{"embeddable":true,"href":"https:\/\/rentaload.com\/fr\/wp-json\/wp\/v2\/users\/10"}],"replies":[{"embeddable":true,"href":"https:\/\/rentaload.com\/fr\/wp-json\/wp\/v2\/comments?post=14109"}],"version-history":[{"count":2,"href":"https:\/\/rentaload.com\/fr\/wp-json\/wp\/v2\/posts\/14109\/revisions"}],"predecessor-version":[{"id":14112,"href":"https:\/\/rentaload.com\/fr\/wp-json\/wp\/v2\/posts\/14109\/revisions\/14112"}],"wp:featuredmedia":[{"embeddable":true,"href":"https:\/\/rentaload.com\/fr\/wp-json\/wp\/v2\/media\/14110"}],"wp:attachment":[{"href":"https:\/\/rentaload.com\/fr\/wp-json\/wp\/v2\/media?parent=14109"}],"wp:term":[{"taxonomy":"category","embeddable":true,"href":"https:\/\/rentaload.com\/fr\/wp-json\/wp\/v2\/categories?post=14109"},{"taxonomy":"post_tag","embeddable":true,"href":"https:\/\/rentaload.com\/fr\/wp-json\/wp\/v2\/tags?post=14109"}],"curies":[{"name":"wp","href":"https:\/\/api.w.org\/{rel}","templated":true}]}}