{"id":14113,"date":"2021-11-18T15:39:01","date_gmt":"2021-11-18T14:39:01","guid":{"rendered":"https:\/\/rentaload.com\/?p=14113"},"modified":"2022-03-22T07:53:46","modified_gmt":"2022-03-22T06:53:46","slug":"rentaload-au-salon-dcf-stockholm-le-2-decembre","status":"publish","type":"post","link":"https:\/\/rentaload.com\/fr\/2021\/11\/18\/rentaload-au-salon-dcf-stockholm-le-2-decembre\/","title":{"rendered":"Rentaload au salon DCF STOCKHOLM le 2 d\u00e9cembre !"},"content":{"rendered":"<div class=\"fusion-fullwidth fullwidth-box fusion-builder-row-1 fusion-flex-container nonhundred-percent-fullwidth non-hundred-percent-height-scrolling\" style=\"--awb-border-radius-top-left:0px;--awb-border-radius-top-right:0px;--awb-border-radius-bottom-right:0px;--awb-border-radius-bottom-left:0px;--awb-flex-wrap:wrap;\" ><div class=\"fusion-builder-row fusion-row fusion-flex-align-items-flex-start fusion-flex-content-wrap\" style=\"max-width:1144px;margin-left: calc(-4% \/ 2 );margin-right: calc(-4% \/ 2 );\"><div class=\"fusion-layout-column fusion_builder_column fusion-builder-column-0 fusion_builder_column_1_1 1_1 fusion-flex-column\" style=\"--awb-bg-size:cover;--awb-width-large:100%;--awb-margin-top-large:0px;--awb-spacing-right-large:1.92%;--awb-margin-bottom-large:20px;--awb-spacing-left-large:1.92%;--awb-width-medium:100%;--awb-order-medium:0;--awb-spacing-right-medium:1.92%;--awb-spacing-left-medium:1.92%;--awb-width-small:100%;--awb-order-small:0;--awb-spacing-right-small:1.92%;--awb-spacing-left-small:1.92%;\"><div class=\"fusion-column-wrapper fusion-column-has-shadow fusion-flex-justify-content-flex-start fusion-content-layout-column\"><div class=\"fusion-text fusion-text-1\" style=\"--awb-text-transform:none;\"><div class=\"fusion-text fusion-text-1\">\n<p>Rentaload exposera au salon\u00a0<strong>Data Center Forum \u00e0 Stockholm,<\/strong>\u00a0le jeudi 2 d\u00e9cembre de 8h \u00e0 17h30.<\/p>\n<p>L\u2019\u00e9v\u00e9nement se d\u00e9roulera \u00e0 l\u2019H\u00f4tel Clarion Sign et r\u00e9unira un nombre important d\u2019acteurs issus de l\u2019industrie du datacenter en Su\u00e8de.<\/p>\n<p>L\u2019inscription est gratuite.<\/p>\n<\/div>\n<div><a class=\"fusion-button button-3d button-xlarge button-default button-1 fusion-button-default-span \" href=\"https:\/\/www.datacenter-forum.com\/events\/stockholm\/2021\" target=\"_self\" rel=\"noopener\"><span class=\"fusion-button-text\">JE M\u2019INSCRIS<\/span><\/a><\/div>\n<div class=\"fusion-text fusion-text-2\">\n<p>D\u00e9couvrez :<\/p>\n<ul>\n<li><a href=\"https:\/\/www.datacenter-forum.com\/events\/stockholm\/2021\">le programme de la journ\u00e9e<\/a><\/li>\n<li><a href=\"https:\/\/www.datacenter-forum.com\/events\/stockholm\/2021\">les intervenants et les sujets abord\u00e9s<\/a><\/li>\n<li><a href=\"https:\/\/www.datacenter-forum.com\/events\/stockholm\/2021\">et Inscrivez-vous<\/a><\/li>\n<\/ul>\n<p>Nous vous attendons avec impatience !<\/p>\n<\/div>\n<\/div><\/div><\/div><\/div><\/div>\n","protected":false},"excerpt":{"rendered":"","protected":false},"author":10,"featured_media":14114,"comment_status":"closed","ping_status":"open","sticky":false,"template":"","format":"standard","meta":{"footnotes":""},"categories":[77],"tags":[],"class_list":["post-14113","post","type-post","status-publish","format-standard","has-post-thumbnail","hentry","category-non-classe"],"yoast_head":"<!-- This site is optimized with the Yoast SEO plugin v27.5 - https:\/\/yoast.com\/product\/yoast-seo-wordpress\/ -->\n<title>RENTALOAD : Rentaload au salon DCF STOCKHOLM le 2 d\u00e9cembre ! -<\/title>\n<meta name=\"description\" content=\"D\u00e9couvrez le t\u00e9moignage client de Dalkia suite \u00e0 une prestation effectu\u00e9e par Rentaload pour un datacenter en janvier 2021\" \/>\n<meta name=\"robots\" content=\"index, follow, max-snippet:-1, max-image-preview:large, max-video-preview:-1\" \/>\n<link rel=\"canonical\" href=\"https:\/\/rentaload.com\/fr\/2021\/11\/18\/rentaload-au-salon-dcf-stockholm-le-2-decembre\/\" \/>\n<meta property=\"og:locale\" content=\"fr_FR\" \/>\n<meta property=\"og:type\" content=\"article\" \/>\n<meta property=\"og:title\" content=\"RENTALOAD : Rentaload au salon DCF STOCKHOLM le 2 d\u00e9cembre ! -\" \/>\n<meta property=\"og:description\" content=\"D\u00e9couvrez le t\u00e9moignage client de Dalkia suite \u00e0 une prestation effectu\u00e9e par Rentaload pour un datacenter en janvier 2021\" \/>\n<meta property=\"og:url\" content=\"https:\/\/rentaload.com\/fr\/2021\/11\/18\/rentaload-au-salon-dcf-stockholm-le-2-decembre\/\" \/>\n<meta property=\"og:site_name\" content=\"Rentaload\" \/>\n<meta property=\"article:published_time\" content=\"2021-11-18T14:39:01+00:00\" \/>\n<meta property=\"article:modified_time\" content=\"2022-03-22T06:53:46+00:00\" \/>\n<meta property=\"og:image\" content=\"https:\/\/rentaload.com\/wp-content\/uploads\/2022\/03\/FDvlyTSXEAIAmg4.jpg\" \/>\n\t<meta property=\"og:image:width\" content=\"1200\" \/>\n\t<meta property=\"og:image:height\" content=\"627\" \/>\n\t<meta property=\"og:image:type\" content=\"image\/jpeg\" \/>\n<meta name=\"author\" content=\"adminMalala\" \/>\n<meta name=\"twitter:card\" content=\"summary_large_image\" \/>\n<meta name=\"twitter:label1\" content=\"\u00c9crit par\" \/>\n\t<meta name=\"twitter:data1\" content=\"adminMalala\" \/>\n\t<meta name=\"twitter:label2\" content=\"Dur\u00e9e de lecture estim\u00e9e\" \/>\n\t<meta name=\"twitter:data2\" content=\"3 minutes\" \/>\n<script type=\"application\/ld+json\" class=\"yoast-schema-graph\">{\"@context\":\"https:\\\/\\\/schema.org\",\"@graph\":[{\"@type\":\"Article\",\"@id\":\"https:\\\/\\\/rentaload.com\\\/fr\\\/2021\\\/11\\\/18\\\/rentaload-au-salon-dcf-stockholm-le-2-decembre\\\/#article\",\"isPartOf\":{\"@id\":\"https:\\\/\\\/rentaload.com\\\/fr\\\/2021\\\/11\\\/18\\\/rentaload-au-salon-dcf-stockholm-le-2-decembre\\\/\"},\"author\":{\"name\":\"adminMalala\",\"@id\":\"https:\\\/\\\/rentaload.com\\\/fr\\\/#\\\/schema\\\/person\\\/1df518d42217cef3f1f4af1c1c7aedf4\"},\"headline\":\"Rentaload au salon DCF STOCKHOLM le 2 d\u00e9cembre !\",\"datePublished\":\"2021-11-18T14:39:01+00:00\",\"dateModified\":\"2022-03-22T06:53:46+00:00\",\"mainEntityOfPage\":{\"@id\":\"https:\\\/\\\/rentaload.com\\\/fr\\\/2021\\\/11\\\/18\\\/rentaload-au-salon-dcf-stockholm-le-2-decembre\\\/\"},\"wordCount\":692,\"publisher\":{\"@id\":\"https:\\\/\\\/rentaload.com\\\/fr\\\/#organization\"},\"image\":{\"@id\":\"https:\\\/\\\/rentaload.com\\\/fr\\\/2021\\\/11\\\/18\\\/rentaload-au-salon-dcf-stockholm-le-2-decembre\\\/#primaryimage\"},\"thumbnailUrl\":\"https:\\\/\\\/rentaload.com\\\/wp-content\\\/uploads\\\/2022\\\/03\\\/FDvlyTSXEAIAmg4.jpg\",\"inLanguage\":\"fr-FR\"},{\"@type\":\"WebPage\",\"@id\":\"https:\\\/\\\/rentaload.com\\\/fr\\\/2021\\\/11\\\/18\\\/rentaload-au-salon-dcf-stockholm-le-2-decembre\\\/\",\"url\":\"https:\\\/\\\/rentaload.com\\\/fr\\\/2021\\\/11\\\/18\\\/rentaload-au-salon-dcf-stockholm-le-2-decembre\\\/\",\"name\":\"RENTALOAD : Rentaload au salon DCF STOCKHOLM le 2 d\u00e9cembre ! -\",\"isPartOf\":{\"@id\":\"https:\\\/\\\/rentaload.com\\\/fr\\\/#website\"},\"primaryImageOfPage\":{\"@id\":\"https:\\\/\\\/rentaload.com\\\/fr\\\/2021\\\/11\\\/18\\\/rentaload-au-salon-dcf-stockholm-le-2-decembre\\\/#primaryimage\"},\"image\":{\"@id\":\"https:\\\/\\\/rentaload.com\\\/fr\\\/2021\\\/11\\\/18\\\/rentaload-au-salon-dcf-stockholm-le-2-decembre\\\/#primaryimage\"},\"thumbnailUrl\":\"https:\\\/\\\/rentaload.com\\\/wp-content\\\/uploads\\\/2022\\\/03\\\/FDvlyTSXEAIAmg4.jpg\",\"datePublished\":\"2021-11-18T14:39:01+00:00\",\"dateModified\":\"2022-03-22T06:53:46+00:00\",\"description\":\"D\u00e9couvrez le t\u00e9moignage client de Dalkia suite \u00e0 une prestation effectu\u00e9e par Rentaload pour un datacenter en janvier 2021\",\"inLanguage\":\"fr-FR\",\"potentialAction\":[{\"@type\":\"ReadAction\",\"target\":[\"https:\\\/\\\/rentaload.com\\\/fr\\\/2021\\\/11\\\/18\\\/rentaload-au-salon-dcf-stockholm-le-2-decembre\\\/\"]}]},{\"@type\":\"ImageObject\",\"inLanguage\":\"fr-FR\",\"@id\":\"https:\\\/\\\/rentaload.com\\\/fr\\\/2021\\\/11\\\/18\\\/rentaload-au-salon-dcf-stockholm-le-2-decembre\\\/#primaryimage\",\"url\":\"https:\\\/\\\/rentaload.com\\\/wp-content\\\/uploads\\\/2022\\\/03\\\/FDvlyTSXEAIAmg4.jpg\",\"contentUrl\":\"https:\\\/\\\/rentaload.com\\\/wp-content\\\/uploads\\\/2022\\\/03\\\/FDvlyTSXEAIAmg4.jpg\",\"width\":1200,\"height\":627},{\"@type\":\"WebSite\",\"@id\":\"https:\\\/\\\/rentaload.com\\\/fr\\\/#website\",\"url\":\"https:\\\/\\\/rentaload.com\\\/fr\\\/\",\"name\":\"Rentaload\",\"description\":\"Load bank hire - location banc de charge - Lastbank vermietung\",\"publisher\":{\"@id\":\"https:\\\/\\\/rentaload.com\\\/fr\\\/#organization\"},\"potentialAction\":[{\"@type\":\"SearchAction\",\"target\":{\"@type\":\"EntryPoint\",\"urlTemplate\":\"https:\\\/\\\/rentaload.com\\\/fr\\\/?s={search_term_string}\"},\"query-input\":{\"@type\":\"PropertyValueSpecification\",\"valueRequired\":true,\"valueName\":\"search_term_string\"}}],\"inLanguage\":\"fr-FR\"},{\"@type\":\"Organization\",\"@id\":\"https:\\\/\\\/rentaload.com\\\/fr\\\/#organization\",\"name\":\"Rentaload\",\"url\":\"https:\\\/\\\/rentaload.com\\\/fr\\\/\",\"logo\":{\"@type\":\"ImageObject\",\"inLanguage\":\"fr-FR\",\"@id\":\"https:\\\/\\\/rentaload.com\\\/fr\\\/#\\\/schema\\\/logo\\\/image\\\/\",\"url\":\"https:\\\/\\\/rentaload.com\\\/wp-content\\\/uploads\\\/2018\\\/03\\\/rentaload-logo-location-banc-de-charge-test-louer-1.png\",\"contentUrl\":\"https:\\\/\\\/rentaload.com\\\/wp-content\\\/uploads\\\/2018\\\/03\\\/rentaload-logo-location-banc-de-charge-test-louer-1.png\",\"width\":470,\"height\":100,\"caption\":\"Rentaload\"},\"image\":{\"@id\":\"https:\\\/\\\/rentaload.com\\\/fr\\\/#\\\/schema\\\/logo\\\/image\\\/\"}},{\"@type\":\"Person\",\"@id\":\"https:\\\/\\\/rentaload.com\\\/fr\\\/#\\\/schema\\\/person\\\/1df518d42217cef3f1f4af1c1c7aedf4\",\"name\":\"adminMalala\",\"image\":{\"@type\":\"ImageObject\",\"inLanguage\":\"fr-FR\",\"@id\":\"https:\\\/\\\/secure.gravatar.com\\\/avatar\\\/911c38bd1b055d215e9e723f8cf5cf6e0410081766de691ba1ac706711e62d6c?s=96&d=mm&r=g\",\"url\":\"https:\\\/\\\/secure.gravatar.com\\\/avatar\\\/911c38bd1b055d215e9e723f8cf5cf6e0410081766de691ba1ac706711e62d6c?s=96&d=mm&r=g\",\"contentUrl\":\"https:\\\/\\\/secure.gravatar.com\\\/avatar\\\/911c38bd1b055d215e9e723f8cf5cf6e0410081766de691ba1ac706711e62d6c?s=96&d=mm&r=g\",\"caption\":\"adminMalala\"}}]}<\/script>\n<!-- \/ Yoast SEO plugin. -->","yoast_head_json":{"title":"RENTALOAD : Rentaload au salon DCF STOCKHOLM le 2 d\u00e9cembre ! -","description":"D\u00e9couvrez le t\u00e9moignage client de Dalkia suite \u00e0 une prestation effectu\u00e9e par Rentaload pour un datacenter en janvier 2021","robots":{"index":"index","follow":"follow","max-snippet":"max-snippet:-1","max-image-preview":"max-image-preview:large","max-video-preview":"max-video-preview:-1"},"canonical":"https:\/\/rentaload.com\/fr\/2021\/11\/18\/rentaload-au-salon-dcf-stockholm-le-2-decembre\/","og_locale":"fr_FR","og_type":"article","og_title":"RENTALOAD : Rentaload au salon DCF STOCKHOLM le 2 d\u00e9cembre ! -","og_description":"D\u00e9couvrez le t\u00e9moignage client de Dalkia suite \u00e0 une prestation effectu\u00e9e par Rentaload pour un datacenter en janvier 2021","og_url":"https:\/\/rentaload.com\/fr\/2021\/11\/18\/rentaload-au-salon-dcf-stockholm-le-2-decembre\/","og_site_name":"Rentaload","article_published_time":"2021-11-18T14:39:01+00:00","article_modified_time":"2022-03-22T06:53:46+00:00","og_image":[{"width":1200,"height":627,"url":"https:\/\/rentaload.com\/wp-content\/uploads\/2022\/03\/FDvlyTSXEAIAmg4.jpg","type":"image\/jpeg"}],"author":"adminMalala","twitter_card":"summary_large_image","twitter_misc":{"\u00c9crit par":"adminMalala","Dur\u00e9e de lecture estim\u00e9e":"3 minutes"},"schema":{"@context":"https:\/\/schema.org","@graph":[{"@type":"Article","@id":"https:\/\/rentaload.com\/fr\/2021\/11\/18\/rentaload-au-salon-dcf-stockholm-le-2-decembre\/#article","isPartOf":{"@id":"https:\/\/rentaload.com\/fr\/2021\/11\/18\/rentaload-au-salon-dcf-stockholm-le-2-decembre\/"},"author":{"name":"adminMalala","@id":"https:\/\/rentaload.com\/fr\/#\/schema\/person\/1df518d42217cef3f1f4af1c1c7aedf4"},"headline":"Rentaload au salon DCF STOCKHOLM le 2 d\u00e9cembre !","datePublished":"2021-11-18T14:39:01+00:00","dateModified":"2022-03-22T06:53:46+00:00","mainEntityOfPage":{"@id":"https:\/\/rentaload.com\/fr\/2021\/11\/18\/rentaload-au-salon-dcf-stockholm-le-2-decembre\/"},"wordCount":692,"publisher":{"@id":"https:\/\/rentaload.com\/fr\/#organization"},"image":{"@id":"https:\/\/rentaload.com\/fr\/2021\/11\/18\/rentaload-au-salon-dcf-stockholm-le-2-decembre\/#primaryimage"},"thumbnailUrl":"https:\/\/rentaload.com\/wp-content\/uploads\/2022\/03\/FDvlyTSXEAIAmg4.jpg","inLanguage":"fr-FR"},{"@type":"WebPage","@id":"https:\/\/rentaload.com\/fr\/2021\/11\/18\/rentaload-au-salon-dcf-stockholm-le-2-decembre\/","url":"https:\/\/rentaload.com\/fr\/2021\/11\/18\/rentaload-au-salon-dcf-stockholm-le-2-decembre\/","name":"RENTALOAD : Rentaload au salon DCF STOCKHOLM le 2 d\u00e9cembre ! -","isPartOf":{"@id":"https:\/\/rentaload.com\/fr\/#website"},"primaryImageOfPage":{"@id":"https:\/\/rentaload.com\/fr\/2021\/11\/18\/rentaload-au-salon-dcf-stockholm-le-2-decembre\/#primaryimage"},"image":{"@id":"https:\/\/rentaload.com\/fr\/2021\/11\/18\/rentaload-au-salon-dcf-stockholm-le-2-decembre\/#primaryimage"},"thumbnailUrl":"https:\/\/rentaload.com\/wp-content\/uploads\/2022\/03\/FDvlyTSXEAIAmg4.jpg","datePublished":"2021-11-18T14:39:01+00:00","dateModified":"2022-03-22T06:53:46+00:00","description":"D\u00e9couvrez le t\u00e9moignage client de Dalkia suite \u00e0 une prestation effectu\u00e9e par Rentaload pour un datacenter en janvier 2021","inLanguage":"fr-FR","potentialAction":[{"@type":"ReadAction","target":["https:\/\/rentaload.com\/fr\/2021\/11\/18\/rentaload-au-salon-dcf-stockholm-le-2-decembre\/"]}]},{"@type":"ImageObject","inLanguage":"fr-FR","@id":"https:\/\/rentaload.com\/fr\/2021\/11\/18\/rentaload-au-salon-dcf-stockholm-le-2-decembre\/#primaryimage","url":"https:\/\/rentaload.com\/wp-content\/uploads\/2022\/03\/FDvlyTSXEAIAmg4.jpg","contentUrl":"https:\/\/rentaload.com\/wp-content\/uploads\/2022\/03\/FDvlyTSXEAIAmg4.jpg","width":1200,"height":627},{"@type":"WebSite","@id":"https:\/\/rentaload.com\/fr\/#website","url":"https:\/\/rentaload.com\/fr\/","name":"Rentaload","description":"Load bank hire - location banc de charge - Lastbank vermietung","publisher":{"@id":"https:\/\/rentaload.com\/fr\/#organization"},"potentialAction":[{"@type":"SearchAction","target":{"@type":"EntryPoint","urlTemplate":"https:\/\/rentaload.com\/fr\/?s={search_term_string}"},"query-input":{"@type":"PropertyValueSpecification","valueRequired":true,"valueName":"search_term_string"}}],"inLanguage":"fr-FR"},{"@type":"Organization","@id":"https:\/\/rentaload.com\/fr\/#organization","name":"Rentaload","url":"https:\/\/rentaload.com\/fr\/","logo":{"@type":"ImageObject","inLanguage":"fr-FR","@id":"https:\/\/rentaload.com\/fr\/#\/schema\/logo\/image\/","url":"https:\/\/rentaload.com\/wp-content\/uploads\/2018\/03\/rentaload-logo-location-banc-de-charge-test-louer-1.png","contentUrl":"https:\/\/rentaload.com\/wp-content\/uploads\/2018\/03\/rentaload-logo-location-banc-de-charge-test-louer-1.png","width":470,"height":100,"caption":"Rentaload"},"image":{"@id":"https:\/\/rentaload.com\/fr\/#\/schema\/logo\/image\/"}},{"@type":"Person","@id":"https:\/\/rentaload.com\/fr\/#\/schema\/person\/1df518d42217cef3f1f4af1c1c7aedf4","name":"adminMalala","image":{"@type":"ImageObject","inLanguage":"fr-FR","@id":"https:\/\/secure.gravatar.com\/avatar\/911c38bd1b055d215e9e723f8cf5cf6e0410081766de691ba1ac706711e62d6c?s=96&d=mm&r=g","url":"https:\/\/secure.gravatar.com\/avatar\/911c38bd1b055d215e9e723f8cf5cf6e0410081766de691ba1ac706711e62d6c?s=96&d=mm&r=g","contentUrl":"https:\/\/secure.gravatar.com\/avatar\/911c38bd1b055d215e9e723f8cf5cf6e0410081766de691ba1ac706711e62d6c?s=96&d=mm&r=g","caption":"adminMalala"}}]}},"_links":{"self":[{"href":"https:\/\/rentaload.com\/fr\/wp-json\/wp\/v2\/posts\/14113","targetHints":{"allow":["GET"]}}],"collection":[{"href":"https:\/\/rentaload.com\/fr\/wp-json\/wp\/v2\/posts"}],"about":[{"href":"https:\/\/rentaload.com\/fr\/wp-json\/wp\/v2\/types\/post"}],"author":[{"embeddable":true,"href":"https:\/\/rentaload.com\/fr\/wp-json\/wp\/v2\/users\/10"}],"replies":[{"embeddable":true,"href":"https:\/\/rentaload.com\/fr\/wp-json\/wp\/v2\/comments?post=14113"}],"version-history":[{"count":1,"href":"https:\/\/rentaload.com\/fr\/wp-json\/wp\/v2\/posts\/14113\/revisions"}],"predecessor-version":[{"id":14115,"href":"https:\/\/rentaload.com\/fr\/wp-json\/wp\/v2\/posts\/14113\/revisions\/14115"}],"wp:featuredmedia":[{"embeddable":true,"href":"https:\/\/rentaload.com\/fr\/wp-json\/wp\/v2\/media\/14114"}],"wp:attachment":[{"href":"https:\/\/rentaload.com\/fr\/wp-json\/wp\/v2\/media?parent=14113"}],"wp:term":[{"taxonomy":"category","embeddable":true,"href":"https:\/\/rentaload.com\/fr\/wp-json\/wp\/v2\/categories?post=14113"},{"taxonomy":"post_tag","embeddable":true,"href":"https:\/\/rentaload.com\/fr\/wp-json\/wp\/v2\/tags?post=14113"}],"curies":[{"name":"wp","href":"https:\/\/api.w.org\/{rel}","templated":true}]}}