{"id":39874,"date":"2021-07-02T14:10:37","date_gmt":"2021-07-02T12:10:37","guid":{"rendered":"https:\/\/rentaload.com\/2021\/07\/02\/rentaload-at-virtual-data-centre-world-uk\/"},"modified":"2023-03-10T16:54:44","modified_gmt":"2023-03-10T15:54:44","slug":"rentaload-at-virtual-data-centre-world-uk","status":"publish","type":"post","link":"https:\/\/rentaload.com\/it\/2021\/07\/02\/rentaload-at-virtual-data-centre-world-uk\/","title":{"rendered":"Rentaload alla fiera virtuale Data Centre World (Regno Unito)"},"content":{"rendered":"<div class=\"fusion-fullwidth fullwidth-box fusion-builder-row-1 fusion-flex-container nonhundred-percent-fullwidth non-hundred-percent-height-scrolling\" style=\"--awb-border-radius-top-left:0px;--awb-border-radius-top-right:0px;--awb-border-radius-bottom-right:0px;--awb-border-radius-bottom-left:0px;--awb-flex-wrap:wrap;\" ><div class=\"fusion-builder-row fusion-row fusion-flex-align-items-flex-start fusion-flex-content-wrap\" style=\"max-width:1144px;margin-left: calc(-4% \/ 2 );margin-right: calc(-4% \/ 2 );\"><div class=\"fusion-layout-column fusion_builder_column fusion-builder-column-0 fusion_builder_column_1_1 1_1 fusion-flex-column\" style=\"--awb-bg-size:cover;--awb-width-large:100%;--awb-margin-top-large:0px;--awb-spacing-right-large:1.92%;--awb-margin-bottom-large:20px;--awb-spacing-left-large:1.92%;--awb-width-medium:100%;--awb-order-medium:0;--awb-spacing-right-medium:1.92%;--awb-spacing-left-medium:1.92%;--awb-width-small:100%;--awb-order-small:0;--awb-spacing-right-small:1.92%;--awb-spacing-left-small:1.92%;\"><div class=\"fusion-column-wrapper fusion-column-has-shadow fusion-flex-justify-content-flex-start fusion-content-layout-column\"><div class=\"fusion-text fusion-text-1\"><p><a href=\"https:\/\/www.datacentreworld.com\/register-your-interest-for-dcw-2021?utm_source=Exhibitors&amp;utm_medium=Email&amp;utm_campaign=ExhibitorReferrals\"><img decoding=\"async\" class=\"size-full wp-image-11631 aligncenter\" src=\"https:\/\/rentaload.com\/wp-content\/uploads\/2021\/07\/600x250-dcw-virtual-email-banner.png\" alt=\"Mondo dei centri dati  \" width=\"600\" height=\"250\" srcset=\"https:\/\/rentaload.com\/wp-content\/uploads\/2021\/07\/600x250-dcw-virtual-email-banner-200x83.png 200w, https:\/\/rentaload.com\/wp-content\/uploads\/2021\/07\/600x250-dcw-virtual-email-banner-300x125.png 300w, https:\/\/rentaload.com\/wp-content\/uploads\/2021\/07\/600x250-dcw-virtual-email-banner-400x167.png 400w, https:\/\/rentaload.com\/wp-content\/uploads\/2021\/07\/600x250-dcw-virtual-email-banner.png 600w\" sizes=\"(max-width: 600px) 100vw, 600px\" \/><\/a><\/p>\n<p>Rentaload sar\u00e0 presente al Data Centre World virtuale <strong>mercoled\u00ec 7 e gioved\u00ec 8 luglio 2021<\/strong>.<\/p>\n<h2>1. Che cos&#8217;\u00e8 il &#8220;Data Centre World&#8221;?<\/h2>\n<p>\u00c8 il pi\u00f9 grande raduno al mondo di specialisti di data center, ingegneri, innovatori e leader aziendali.<\/p>\n<p>Di solito si tratta di un evento fisico ma, grazie a COVID, quest&#8217;anno l&#8217;evento sar\u00e0 virtuale. Non ci sono quindi scuse per non partecipare.<\/p>\n<p>Tutto ci\u00f2 che serve \u00e8 un computer e una connessione a Internet!<\/p>\n<p>Durante questi due giorni verranno discussi diversi argomenti relativi ai data center e saranno presenti migliaia di esperti del settore.<\/p>\n<h2>2. Il programma della fiera &#8220;Data Centre World&#8221;, 7 e 8 luglio<\/h2>\n<p>Scoprire il <strong><br \/>\n  <span style=\"color: #ff9900;\">programma completo<\/span><br \/>\n<\/strong> nei due giorni di fiera: <span style=\"color: #3366ff;\"><br \/>\n  <a style=\"color: #3366ff;\" href=\"https:\/\/www.datacentreworld.com\/data-centre-world-virtual-2021-7th-8th-july\/data-centre-world-virtual-2021-agenda?utm_source=Exhibitors&amp;utm_medium=Email&amp;utm_campaign=ExhibitorReferrals\">QUI.<\/a><br \/>\n<\/span><\/p>\n<p>Scopri anche le <strong><br \/>\n  <span style=\"color: #ff9900;\">principali conferenze<\/span><br \/>\n<\/strong> che si terranno: <a href=\"https:\/\/bit.ly\/3A6oJZP\"><br \/>\n  <span style=\"color: #3366ff;\">QUI.<\/span><br \/>\n<\/a><\/p>\n<p>Un programma davvero interessante, non \u00e8 vero? con un sacco di argomenti molto interessanti sui data center!<\/p>\n<h2>3. Registratevi per partecipare al Data Centre World<\/h2>\n<p>Rentaload vi invita a partecipare al suo stand virtuale mercoled\u00ec 7 o gioved\u00ec 8 luglio 2021.<br \/>\n<span style=\"color: #ff9900;\"><br \/>\n  <strong>Registrati su<\/strong><br \/>\n<\/span> <a href=\"https:\/\/www.datacentreworld.com\/register-your-interest-for-dcw-2021?utm_source=Exhibitors&amp;utm_medium=Email&amp;utm_campaign=ExhibitorReferrals\"><br \/>\n  <span style=\"color: #3366ff;\">QUI,<\/span><br \/>\n<\/a> \u00e8 gratuita!<\/p>\n<p><strong>Presenteremo le nostre nuove apparecchiature e soluzioni SMART:<\/strong><\/p>\n<ul>\n<li><a href=\"https:\/\/rentaload.com\/it\/2021\/01\/25\/8-new-products-at-rentaload-in-2020-part-1\/\">la nostra SMART Tower e il nostro banco di carico collegato da 21 kW<\/a><\/li>\n<li>i nostri banchi di carico collegati (montati su rack e industriali: 6 kW, 7 kW, 100 kW, 200 kW, 300 kW) con il loro software di supervisione per controllare a distanza un intero parco di banchi di carico, inviare istruzioni e raccogliere misure estremamente precise dalla sala computer.<\/li>\n<li>Soluzioni per un commissioning IST pi\u00f9 affidabile e veloce (con un reale valore aggiunto per il cliente finale)<\/li>\n<\/ul>\n<p><strong>Ci vediamo alla mostra!<\/strong><\/p>\n<\/div><\/div><\/div><\/div><\/div>\n","protected":false},"excerpt":{"rendered":"","protected":false},"author":5,"featured_media":0,"comment_status":"closed","ping_status":"open","sticky":false,"template":"","format":"standard","meta":{"footnotes":""},"categories":[1665],"tags":[],"class_list":["post-39874","post","type-post","status-publish","format-standard","hentry","category-non-classificato-it"],"yoast_head":"<!-- This site is optimized with the Yoast SEO plugin v27.4 - https:\/\/yoast.com\/product\/yoast-seo-wordpress\/ -->\n<title>RENTALOAD : Rentaload alla fiera virtuale Data Centre World (Regno Unito) -<\/title>\n<meta name=\"description\" content=\"Rentaload esporr\u00e0 nel suo stand virtuale al Data Centre World il 7 e l&#039;8 luglio, registratevi qui per partecipare!\" \/>\n<meta name=\"robots\" content=\"index, follow, max-snippet:-1, max-image-preview:large, max-video-preview:-1\" \/>\n<link rel=\"canonical\" href=\"https:\/\/rentaload.com\/it\/2021\/07\/02\/rentaload-at-virtual-data-centre-world-uk\/\" \/>\n<meta property=\"og:locale\" content=\"it_IT\" \/>\n<meta property=\"og:type\" content=\"article\" \/>\n<meta property=\"og:title\" content=\"RENTALOAD : Rentaload alla fiera virtuale Data Centre World (Regno Unito) -\" \/>\n<meta property=\"og:description\" content=\"Rentaload esporr\u00e0 nel suo stand virtuale al Data Centre World il 7 e l&#039;8 luglio, registratevi qui per partecipare!\" \/>\n<meta property=\"og:url\" content=\"https:\/\/rentaload.com\/it\/2021\/07\/02\/rentaload-at-virtual-data-centre-world-uk\/\" \/>\n<meta property=\"og:site_name\" content=\"Rentaload\" \/>\n<meta property=\"article:published_time\" content=\"2021-07-02T12:10:37+00:00\" \/>\n<meta property=\"article:modified_time\" content=\"2023-03-10T15:54:44+00:00\" \/>\n<meta property=\"og:image\" content=\"https:\/\/rentaload.com\/wp-content\/uploads\/2021\/07\/600x250-dcw-virtual-email-banner.png\" \/>\n<meta name=\"author\" content=\"rentadmin\" \/>\n<meta name=\"twitter:card\" content=\"summary_large_image\" \/>\n<meta name=\"twitter:label1\" content=\"Scritto da\" \/>\n\t<meta name=\"twitter:data1\" content=\"rentadmin\" \/>\n\t<meta name=\"twitter:label2\" content=\"Tempo di lettura stimato\" \/>\n\t<meta name=\"twitter:data2\" content=\"4 minuti\" \/>\n<script type=\"application\/ld+json\" class=\"yoast-schema-graph\">{\"@context\":\"https:\\\/\\\/schema.org\",\"@graph\":[{\"@type\":\"Article\",\"@id\":\"https:\\\/\\\/rentaload.com\\\/it\\\/2021\\\/07\\\/02\\\/rentaload-at-virtual-data-centre-world-uk\\\/#article\",\"isPartOf\":{\"@id\":\"https:\\\/\\\/rentaload.com\\\/it\\\/2021\\\/07\\\/02\\\/rentaload-at-virtual-data-centre-world-uk\\\/\"},\"author\":{\"name\":\"rentadmin\",\"@id\":\"https:\\\/\\\/rentaload.com\\\/it\\\/#\\\/schema\\\/person\\\/254a7aa6e85f83a473ce5993a5f68638\"},\"headline\":\"Rentaload alla fiera virtuale Data Centre World (Regno Unito)\",\"datePublished\":\"2021-07-02T12:10:37+00:00\",\"dateModified\":\"2023-03-10T15:54:44+00:00\",\"mainEntityOfPage\":{\"@id\":\"https:\\\/\\\/rentaload.com\\\/it\\\/2021\\\/07\\\/02\\\/rentaload-at-virtual-data-centre-world-uk\\\/\"},\"wordCount\":859,\"publisher\":{\"@id\":\"https:\\\/\\\/rentaload.com\\\/it\\\/#organization\"},\"image\":{\"@id\":\"https:\\\/\\\/rentaload.com\\\/it\\\/2021\\\/07\\\/02\\\/rentaload-at-virtual-data-centre-world-uk\\\/#primaryimage\"},\"thumbnailUrl\":\"https:\\\/\\\/rentaload.com\\\/wp-content\\\/uploads\\\/2021\\\/07\\\/600x250-dcw-virtual-email-banner.png\",\"articleSection\":[\"Non classificato\"],\"inLanguage\":\"it-IT\"},{\"@type\":\"WebPage\",\"@id\":\"https:\\\/\\\/rentaload.com\\\/it\\\/2021\\\/07\\\/02\\\/rentaload-at-virtual-data-centre-world-uk\\\/\",\"url\":\"https:\\\/\\\/rentaload.com\\\/it\\\/2021\\\/07\\\/02\\\/rentaload-at-virtual-data-centre-world-uk\\\/\",\"name\":\"RENTALOAD : Rentaload alla fiera virtuale Data Centre World (Regno Unito) -\",\"isPartOf\":{\"@id\":\"https:\\\/\\\/rentaload.com\\\/it\\\/#website\"},\"primaryImageOfPage\":{\"@id\":\"https:\\\/\\\/rentaload.com\\\/it\\\/2021\\\/07\\\/02\\\/rentaload-at-virtual-data-centre-world-uk\\\/#primaryimage\"},\"image\":{\"@id\":\"https:\\\/\\\/rentaload.com\\\/it\\\/2021\\\/07\\\/02\\\/rentaload-at-virtual-data-centre-world-uk\\\/#primaryimage\"},\"thumbnailUrl\":\"https:\\\/\\\/rentaload.com\\\/wp-content\\\/uploads\\\/2021\\\/07\\\/600x250-dcw-virtual-email-banner.png\",\"datePublished\":\"2021-07-02T12:10:37+00:00\",\"dateModified\":\"2023-03-10T15:54:44+00:00\",\"description\":\"Rentaload esporr\u00e0 nel suo stand virtuale al Data Centre World il 7 e l'8 luglio, registratevi qui per partecipare!\",\"inLanguage\":\"it-IT\",\"potentialAction\":[{\"@type\":\"ReadAction\",\"target\":[\"https:\\\/\\\/rentaload.com\\\/it\\\/2021\\\/07\\\/02\\\/rentaload-at-virtual-data-centre-world-uk\\\/\"]}]},{\"@type\":\"ImageObject\",\"inLanguage\":\"it-IT\",\"@id\":\"https:\\\/\\\/rentaload.com\\\/it\\\/2021\\\/07\\\/02\\\/rentaload-at-virtual-data-centre-world-uk\\\/#primaryimage\",\"url\":\"https:\\\/\\\/rentaload.com\\\/wp-content\\\/uploads\\\/2021\\\/07\\\/600x250-dcw-virtual-email-banner.png\",\"contentUrl\":\"https:\\\/\\\/rentaload.com\\\/wp-content\\\/uploads\\\/2021\\\/07\\\/600x250-dcw-virtual-email-banner.png\"},{\"@type\":\"WebSite\",\"@id\":\"https:\\\/\\\/rentaload.com\\\/it\\\/#website\",\"url\":\"https:\\\/\\\/rentaload.com\\\/it\\\/\",\"name\":\"Rentaload\",\"description\":\"Load bank hire - location banc de charge - Lastbank vermietung\",\"publisher\":{\"@id\":\"https:\\\/\\\/rentaload.com\\\/it\\\/#organization\"},\"potentialAction\":[{\"@type\":\"SearchAction\",\"target\":{\"@type\":\"EntryPoint\",\"urlTemplate\":\"https:\\\/\\\/rentaload.com\\\/it\\\/?s={search_term_string}\"},\"query-input\":{\"@type\":\"PropertyValueSpecification\",\"valueRequired\":true,\"valueName\":\"search_term_string\"}}],\"inLanguage\":\"it-IT\"},{\"@type\":\"Organization\",\"@id\":\"https:\\\/\\\/rentaload.com\\\/it\\\/#organization\",\"name\":\"Rentaload\",\"url\":\"https:\\\/\\\/rentaload.com\\\/it\\\/\",\"logo\":{\"@type\":\"ImageObject\",\"inLanguage\":\"it-IT\",\"@id\":\"https:\\\/\\\/rentaload.com\\\/it\\\/#\\\/schema\\\/logo\\\/image\\\/\",\"url\":\"https:\\\/\\\/rentaload.com\\\/wp-content\\\/uploads\\\/2018\\\/03\\\/rentaload-logo-location-banc-de-charge-test-louer-1.png\",\"contentUrl\":\"https:\\\/\\\/rentaload.com\\\/wp-content\\\/uploads\\\/2018\\\/03\\\/rentaload-logo-location-banc-de-charge-test-louer-1.png\",\"width\":470,\"height\":100,\"caption\":\"Rentaload\"},\"image\":{\"@id\":\"https:\\\/\\\/rentaload.com\\\/it\\\/#\\\/schema\\\/logo\\\/image\\\/\"}},{\"@type\":\"Person\",\"@id\":\"https:\\\/\\\/rentaload.com\\\/it\\\/#\\\/schema\\\/person\\\/254a7aa6e85f83a473ce5993a5f68638\",\"name\":\"rentadmin\",\"image\":{\"@type\":\"ImageObject\",\"inLanguage\":\"it-IT\",\"@id\":\"https:\\\/\\\/secure.gravatar.com\\\/avatar\\\/e765f4c22a6a298fd0e1c4ff4457e07b446bbc8e6b83abe7752a257905f9f394?s=96&d=mm&r=g\",\"url\":\"https:\\\/\\\/secure.gravatar.com\\\/avatar\\\/e765f4c22a6a298fd0e1c4ff4457e07b446bbc8e6b83abe7752a257905f9f394?s=96&d=mm&r=g\",\"contentUrl\":\"https:\\\/\\\/secure.gravatar.com\\\/avatar\\\/e765f4c22a6a298fd0e1c4ff4457e07b446bbc8e6b83abe7752a257905f9f394?s=96&d=mm&r=g\",\"caption\":\"rentadmin\"}}]}<\/script>\n<!-- \/ Yoast SEO plugin. -->","yoast_head_json":{"title":"RENTALOAD : Rentaload alla fiera virtuale Data Centre World (Regno Unito) -","description":"Rentaload esporr\u00e0 nel suo stand virtuale al Data Centre World il 7 e l'8 luglio, registratevi qui per partecipare!","robots":{"index":"index","follow":"follow","max-snippet":"max-snippet:-1","max-image-preview":"max-image-preview:large","max-video-preview":"max-video-preview:-1"},"canonical":"https:\/\/rentaload.com\/it\/2021\/07\/02\/rentaload-at-virtual-data-centre-world-uk\/","og_locale":"it_IT","og_type":"article","og_title":"RENTALOAD : Rentaload alla fiera virtuale Data Centre World (Regno Unito) -","og_description":"Rentaload esporr\u00e0 nel suo stand virtuale al Data Centre World il 7 e l'8 luglio, registratevi qui per partecipare!","og_url":"https:\/\/rentaload.com\/it\/2021\/07\/02\/rentaload-at-virtual-data-centre-world-uk\/","og_site_name":"Rentaload","article_published_time":"2021-07-02T12:10:37+00:00","article_modified_time":"2023-03-10T15:54:44+00:00","og_image":[{"url":"https:\/\/rentaload.com\/wp-content\/uploads\/2021\/07\/600x250-dcw-virtual-email-banner.png","type":"","width":"","height":""}],"author":"rentadmin","twitter_card":"summary_large_image","twitter_misc":{"Scritto da":"rentadmin","Tempo di lettura stimato":"4 minuti"},"schema":{"@context":"https:\/\/schema.org","@graph":[{"@type":"Article","@id":"https:\/\/rentaload.com\/it\/2021\/07\/02\/rentaload-at-virtual-data-centre-world-uk\/#article","isPartOf":{"@id":"https:\/\/rentaload.com\/it\/2021\/07\/02\/rentaload-at-virtual-data-centre-world-uk\/"},"author":{"name":"rentadmin","@id":"https:\/\/rentaload.com\/it\/#\/schema\/person\/254a7aa6e85f83a473ce5993a5f68638"},"headline":"Rentaload alla fiera virtuale Data Centre World (Regno Unito)","datePublished":"2021-07-02T12:10:37+00:00","dateModified":"2023-03-10T15:54:44+00:00","mainEntityOfPage":{"@id":"https:\/\/rentaload.com\/it\/2021\/07\/02\/rentaload-at-virtual-data-centre-world-uk\/"},"wordCount":859,"publisher":{"@id":"https:\/\/rentaload.com\/it\/#organization"},"image":{"@id":"https:\/\/rentaload.com\/it\/2021\/07\/02\/rentaload-at-virtual-data-centre-world-uk\/#primaryimage"},"thumbnailUrl":"https:\/\/rentaload.com\/wp-content\/uploads\/2021\/07\/600x250-dcw-virtual-email-banner.png","articleSection":["Non classificato"],"inLanguage":"it-IT"},{"@type":"WebPage","@id":"https:\/\/rentaload.com\/it\/2021\/07\/02\/rentaload-at-virtual-data-centre-world-uk\/","url":"https:\/\/rentaload.com\/it\/2021\/07\/02\/rentaload-at-virtual-data-centre-world-uk\/","name":"RENTALOAD : Rentaload alla fiera virtuale Data Centre World (Regno Unito) -","isPartOf":{"@id":"https:\/\/rentaload.com\/it\/#website"},"primaryImageOfPage":{"@id":"https:\/\/rentaload.com\/it\/2021\/07\/02\/rentaload-at-virtual-data-centre-world-uk\/#primaryimage"},"image":{"@id":"https:\/\/rentaload.com\/it\/2021\/07\/02\/rentaload-at-virtual-data-centre-world-uk\/#primaryimage"},"thumbnailUrl":"https:\/\/rentaload.com\/wp-content\/uploads\/2021\/07\/600x250-dcw-virtual-email-banner.png","datePublished":"2021-07-02T12:10:37+00:00","dateModified":"2023-03-10T15:54:44+00:00","description":"Rentaload esporr\u00e0 nel suo stand virtuale al Data Centre World il 7 e l'8 luglio, registratevi qui per partecipare!","inLanguage":"it-IT","potentialAction":[{"@type":"ReadAction","target":["https:\/\/rentaload.com\/it\/2021\/07\/02\/rentaload-at-virtual-data-centre-world-uk\/"]}]},{"@type":"ImageObject","inLanguage":"it-IT","@id":"https:\/\/rentaload.com\/it\/2021\/07\/02\/rentaload-at-virtual-data-centre-world-uk\/#primaryimage","url":"https:\/\/rentaload.com\/wp-content\/uploads\/2021\/07\/600x250-dcw-virtual-email-banner.png","contentUrl":"https:\/\/rentaload.com\/wp-content\/uploads\/2021\/07\/600x250-dcw-virtual-email-banner.png"},{"@type":"WebSite","@id":"https:\/\/rentaload.com\/it\/#website","url":"https:\/\/rentaload.com\/it\/","name":"Rentaload","description":"Load bank hire - location banc de charge - Lastbank vermietung","publisher":{"@id":"https:\/\/rentaload.com\/it\/#organization"},"potentialAction":[{"@type":"SearchAction","target":{"@type":"EntryPoint","urlTemplate":"https:\/\/rentaload.com\/it\/?s={search_term_string}"},"query-input":{"@type":"PropertyValueSpecification","valueRequired":true,"valueName":"search_term_string"}}],"inLanguage":"it-IT"},{"@type":"Organization","@id":"https:\/\/rentaload.com\/it\/#organization","name":"Rentaload","url":"https:\/\/rentaload.com\/it\/","logo":{"@type":"ImageObject","inLanguage":"it-IT","@id":"https:\/\/rentaload.com\/it\/#\/schema\/logo\/image\/","url":"https:\/\/rentaload.com\/wp-content\/uploads\/2018\/03\/rentaload-logo-location-banc-de-charge-test-louer-1.png","contentUrl":"https:\/\/rentaload.com\/wp-content\/uploads\/2018\/03\/rentaload-logo-location-banc-de-charge-test-louer-1.png","width":470,"height":100,"caption":"Rentaload"},"image":{"@id":"https:\/\/rentaload.com\/it\/#\/schema\/logo\/image\/"}},{"@type":"Person","@id":"https:\/\/rentaload.com\/it\/#\/schema\/person\/254a7aa6e85f83a473ce5993a5f68638","name":"rentadmin","image":{"@type":"ImageObject","inLanguage":"it-IT","@id":"https:\/\/secure.gravatar.com\/avatar\/e765f4c22a6a298fd0e1c4ff4457e07b446bbc8e6b83abe7752a257905f9f394?s=96&d=mm&r=g","url":"https:\/\/secure.gravatar.com\/avatar\/e765f4c22a6a298fd0e1c4ff4457e07b446bbc8e6b83abe7752a257905f9f394?s=96&d=mm&r=g","contentUrl":"https:\/\/secure.gravatar.com\/avatar\/e765f4c22a6a298fd0e1c4ff4457e07b446bbc8e6b83abe7752a257905f9f394?s=96&d=mm&r=g","caption":"rentadmin"}}]}},"_links":{"self":[{"href":"https:\/\/rentaload.com\/it\/wp-json\/wp\/v2\/posts\/39874","targetHints":{"allow":["GET"]}}],"collection":[{"href":"https:\/\/rentaload.com\/it\/wp-json\/wp\/v2\/posts"}],"about":[{"href":"https:\/\/rentaload.com\/it\/wp-json\/wp\/v2\/types\/post"}],"author":[{"embeddable":true,"href":"https:\/\/rentaload.com\/it\/wp-json\/wp\/v2\/users\/5"}],"replies":[{"embeddable":true,"href":"https:\/\/rentaload.com\/it\/wp-json\/wp\/v2\/comments?post=39874"}],"version-history":[{"count":2,"href":"https:\/\/rentaload.com\/it\/wp-json\/wp\/v2\/posts\/39874\/revisions"}],"predecessor-version":[{"id":39878,"href":"https:\/\/rentaload.com\/it\/wp-json\/wp\/v2\/posts\/39874\/revisions\/39878"}],"wp:attachment":[{"href":"https:\/\/rentaload.com\/it\/wp-json\/wp\/v2\/media?parent=39874"}],"wp:term":[{"taxonomy":"category","embeddable":true,"href":"https:\/\/rentaload.com\/it\/wp-json\/wp\/v2\/categories?post=39874"},{"taxonomy":"post_tag","embeddable":true,"href":"https:\/\/rentaload.com\/it\/wp-json\/wp\/v2\/tags?post=39874"}],"curies":[{"name":"wp","href":"https:\/\/api.w.org\/{rel}","templated":true}]}}