{"id":36177,"date":"2022-10-05T15:25:45","date_gmt":"2022-10-05T13:25:45","guid":{"rendered":"https:\/\/rentaload.com\/2022\/10\/05\/rentaload-at-the-dcw-fair-madrid-on-oktober-26-27\/"},"modified":"2022-10-06T10:11:36","modified_gmt":"2022-10-06T08:11:36","slug":"rentaload-at-the-dcw-fair-madrid-on-oktober-26-27","status":"publish","type":"post","link":"https:\/\/rentaload.com\/no\/2022\/10\/05\/rentaload-at-the-dcw-fair-madrid-on-oktober-26-27\/","title":{"rendered":"Rentaload p\u00e5 &laquo;DCW Madrid&raquo; 26. og 27. oktober"},"content":{"rendered":"<div class=\"fusion-fullwidth fullwidth-box fusion-builder-row-1 fusion-flex-container nonhundred-percent-fullwidth non-hundred-percent-height-scrolling ctnr-simple\" style=\"--awb-border-radius-top-left:0px;--awb-border-radius-top-right:0px;--awb-border-radius-bottom-right:0px;--awb-border-radius-bottom-left:0px;--awb-flex-wrap:wrap;\" ><div class=\"fusion-builder-row fusion-row fusion-flex-align-items-flex-start fusion-flex-justify-content-center fusion-flex-content-wrap\" style=\"max-width:1144px;margin-left: calc(-4% \/ 2 );margin-right: calc(-4% \/ 2 );\"><div class=\"fusion-layout-column fusion_builder_column fusion-builder-column-0 fusion_builder_column_1_1 1_1 fusion-flex-column col-titre\" style=\"--awb-bg-size:cover;--awb-width-large:100%;--awb-margin-top-large:0px;--awb-spacing-right-large:1.92%;--awb-margin-bottom-large:20px;--awb-spacing-left-large:1.92%;--awb-width-medium:100%;--awb-order-medium:0;--awb-spacing-right-medium:1.92%;--awb-spacing-left-medium:1.92%;--awb-width-small:100%;--awb-order-small:0;--awb-spacing-right-small:1.92%;--awb-spacing-left-small:1.92%;\"><div class=\"fusion-column-wrapper fusion-column-has-shadow fusion-flex-justify-content-flex-start fusion-content-layout-column\"><div class=\"fusion-image-element \" style=\"text-align:center;--awb-caption-title-font-family:var(--h2_typography-font-family);--awb-caption-title-font-weight:var(--h2_typography-font-weight);--awb-caption-title-font-style:var(--h2_typography-font-style);--awb-caption-title-size:var(--h2_typography-font-size);--awb-caption-title-transform:var(--h2_typography-text-transform);--awb-caption-title-line-height:var(--h2_typography-line-height);--awb-caption-title-letter-spacing:var(--h2_typography-letter-spacing);\"><span class=\" fusion-imageframe imageframe-none imageframe-1 hover-type-none\"><a class=\"fusion-no-lightbox\" href=\"https:\/\/www.datacentreworld.es\/\" target=\"_self\" aria-label=\"data-centre-world-madrid-2022-938&#215;540\"><img decoding=\"async\" width=\"938\" height=\"540\" alt=\"Data Centre World\" src=\"https:\/\/rentaload.com\/wp-content\/uploads\/2022\/10\/data-centre-world-madrid-2022-938x540-1.jpg\" class=\"img-responsive wp-image-36167\" srcset=\"https:\/\/rentaload.com\/wp-content\/uploads\/2022\/10\/data-centre-world-madrid-2022-938x540-1-200x115.jpg 200w, https:\/\/rentaload.com\/wp-content\/uploads\/2022\/10\/data-centre-world-madrid-2022-938x540-1-400x230.jpg 400w, https:\/\/rentaload.com\/wp-content\/uploads\/2022\/10\/data-centre-world-madrid-2022-938x540-1-600x345.jpg 600w, https:\/\/rentaload.com\/wp-content\/uploads\/2022\/10\/data-centre-world-madrid-2022-938x540-1-800x461.jpg 800w, https:\/\/rentaload.com\/wp-content\/uploads\/2022\/10\/data-centre-world-madrid-2022-938x540-1.jpg 938w\" sizes=\"(max-width: 1024px) 100vw, (max-width: 640px) 100vw, 938px\" \/><\/a><\/span><\/div><div class=\"fusion-title title fusion-title-1 fusion-sep-none fusion-title-text fusion-title-size-three\" style=\"--awb-margin-top-small:0px;--awb-margin-right-small:0px;--awb-margin-bottom-small:20px;--awb-margin-left-small:0px;\"><h3 class=\"fusion-title-heading title-heading-left\" style=\"margin:0;\">DATASENTER WORLD MADRID<\/h3><\/div><div class=\"fusion-text fusion-text-1\"><p>Det er en av de st\u00f8rste <strong>&laquo;Data Center&raquo;<\/strong> -messene i Spania. Faktisk samler denne uunnv\u00e6rlige begivenheten alle de beste lederne og fagfolkene i sektoren. Det vil finne sted <strong>fra 26. til 27. oktober<\/strong> p\u00e5 Pavilion 7 til IFEMA i Madrid.<\/p>\n<p>Rentaload vil v\u00e6re tilstede og stille ut p\u00e5 messen fra 26. til 27. oktober p\u00e5 sin <strong>stand EO2<\/strong> . Dette vil v\u00e6re en mulighet til \u00e5 oppdage hele v\u00e5r fl\u00e5te av lastebanker samt alle v\u00e5re tilh\u00f8rende tjenester. Finn ogs\u00e5 ut hvordan du kan optimalisere test- og idriftsettelsesfasen av datasenteret ditt. Og hvordan garantere effektiviteten og sikkerheten til infrastrukturen din gjennom v\u00e5rt SMART-utstyr og -l\u00f8sninger.<\/p>\n<p>Du vil ogs\u00e5 kunne m\u00f8te v\u00e5r spanske partner p\u00e5 messen <a href=\"https:\/\/cliatec.com\/\"><span style=\"color: #0000ff;\">Cliatec. 360\u00ba datasenter.<\/span><\/a><\/p>\n<\/div><div class=\"fusion-title title fusion-title-2 fusion-sep-none fusion-title-text fusion-title-size-three\" style=\"--awb-margin-top-small:0px;--awb-margin-right-small:0px;--awb-margin-bottom-small:20px;--awb-margin-left-small:0px;\"><h3 class=\"fusion-title-heading title-heading-left\" style=\"margin:0;\"><p>&nbsp;<\/p>\n<p>PROGRAMMET<\/h3><\/div><div class=\"fusion-text fusion-text-2\"><p>Finn under:<\/p>\n<ul>\n<li><span style=\"color: #0000ff;\"><a style=\"color: #0000ff;\" href=\"https:\/\/www.datacentreworld.es\/programa\"><span style=\"color: #0000ff;\">Programmet for disse to dagene<\/span><\/a><\/span> ;<\/li>\n<li><a href=\"https:\/\/www.datacentreworld.es\/expositores-2022\"><span style=\"color: #0000ff;\">Den komplette listen over utstillere<\/span><\/a> ; + 250 utstillere og 8000 bes\u00f8kende forventet!<\/li>\n<li><a href=\"https:\/\/www.datacentreworld.es\/ponentes\"><span style=\"color: #0000ff;\">Listen over &laquo;talere&raquo;; mer enn 250 h\u00f8yttalere <\/span><\/a><\/li>\n<li><a href=\"https:\/\/www.datacentreworld.es\/motivos-para-visitar\"><span style=\"color: #0000ff;\">Grunner til \u00e5 delta p\u00e5 dette arrangementet.<\/span><\/a><\/li>\n<\/ul>\n<p>&nbsp;<\/p>\n<p>P\u00e5 Data Center World Madrid vil <strong>aktuelle trendtemaer<\/strong> bli dekket av mer enn 250 hovedtalere. Eksperter som vil dele sine suksesshistorier om emner som:<\/p>\n<ul>\n<li>Forbedre effektiviteten til datasentersektoren<\/li>\n<li>Inkorporering av AI\/MLOps i DPCer<\/li>\n<li>Integrasjon av fornybar energi og b\u00e6rekraftige strategier<\/li>\n<li>Edge Computing arbeidsbelastninger<\/li>\n<li>Intelligente og automatiserte datasentre<\/li>\n<li>Presisjonskj\u00f8lesystemer<\/li>\n<li>teamintegrasjon<\/li>\n<li>Cybersikkerhet i datasentre<\/li>\n<li>Mer n\u00e6rt forest\u00e5ende logistiske utfordringer<\/li>\n<li>State-of-the-art stativer og stabler<\/li>\n<li>resiliensstrategier<\/li>\n<\/ul>\n<\/div><div style=\"text-align:center;\"><a class=\"fusion-button button-flat fusion-button-default-size button-default fusion-button-default button-1 fusion-button-default-span fusion-button-default-type\" target=\"_self\" href=\"https:\/\/publicalt.xeria.es\/e_show_2022_madrid\/es\/register\/RegisterPage\/Asistentes\"><span class=\"fusion-button-text awb-button__text awb-button__text--default\">REGISTRERE<\/span><\/a><\/div><\/div><\/div><\/div><\/div>\n","protected":false},"excerpt":{"rendered":"","protected":false},"author":3,"featured_media":36167,"comment_status":"closed","ping_status":"open","sticky":false,"template":"","format":"standard","meta":{"footnotes":""},"categories":[1633],"tags":[],"class_list":["post-36177","post","type-post","status-publish","format-standard","has-post-thumbnail","hentry","category-rentaload-nyheter"],"yoast_head":"<!-- This site is optimized with the Yoast SEO plugin v27.5 - https:\/\/yoast.com\/product\/yoast-seo-wordpress\/ -->\n<title>RENTALOAD : Rentaload p\u00e5 &quot;DCW Madrid&quot; 26. og 27. oktober -<\/title>\n<meta name=\"description\" content=\"Rentaload vil stille ut p\u00e5 Data Center World Madrid 26. og 27. oktober. Meld deg p\u00e5 og kom innom oss!\" \/>\n<meta name=\"robots\" content=\"index, follow, max-snippet:-1, max-image-preview:large, max-video-preview:-1\" \/>\n<link rel=\"canonical\" href=\"https:\/\/rentaload.com\/no\/2022\/10\/05\/rentaload-at-the-dcw-fair-madrid-on-oktober-26-27\/\" \/>\n<meta property=\"og:locale\" content=\"nb_NO\" \/>\n<meta property=\"og:type\" content=\"article\" \/>\n<meta property=\"og:title\" content=\"RENTALOAD : Rentaload p\u00e5 &quot;DCW Madrid&quot; 26. og 27. oktober -\" \/>\n<meta property=\"og:description\" content=\"Rentaload vil stille ut p\u00e5 Data Center World Madrid 26. og 27. oktober. Meld deg p\u00e5 og kom innom oss!\" \/>\n<meta property=\"og:url\" content=\"https:\/\/rentaload.com\/no\/2022\/10\/05\/rentaload-at-the-dcw-fair-madrid-on-oktober-26-27\/\" \/>\n<meta property=\"og:site_name\" content=\"Rentaload\" \/>\n<meta property=\"article:published_time\" content=\"2022-10-05T13:25:45+00:00\" \/>\n<meta property=\"article:modified_time\" content=\"2022-10-06T08:11:36+00:00\" \/>\n<meta property=\"og:image\" content=\"https:\/\/rentaload.com\/wp-content\/uploads\/2022\/10\/data-centre-world-madrid-2022-938x540-1.jpg\" \/>\n\t<meta property=\"og:image:width\" content=\"938\" \/>\n\t<meta property=\"og:image:height\" content=\"540\" \/>\n\t<meta property=\"og:image:type\" content=\"image\/jpeg\" \/>\n<meta name=\"author\" content=\"Contact Rentaload\" \/>\n<meta name=\"twitter:card\" content=\"summary_large_image\" \/>\n<meta name=\"twitter:label1\" content=\"Skrevet av\" \/>\n\t<meta name=\"twitter:data1\" content=\"Contact Rentaload\" \/>\n\t<meta name=\"twitter:label2\" content=\"Ansl. lesetid\" \/>\n\t<meta name=\"twitter:data2\" content=\"9 minutter\" \/>\n<script type=\"application\/ld+json\" class=\"yoast-schema-graph\">{\"@context\":\"https:\\\/\\\/schema.org\",\"@graph\":[{\"@type\":\"Article\",\"@id\":\"https:\\\/\\\/rentaload.com\\\/no\\\/2022\\\/10\\\/05\\\/rentaload-at-the-dcw-fair-madrid-on-oktober-26-27\\\/#article\",\"isPartOf\":{\"@id\":\"https:\\\/\\\/rentaload.com\\\/no\\\/2022\\\/10\\\/05\\\/rentaload-at-the-dcw-fair-madrid-on-oktober-26-27\\\/\"},\"author\":{\"name\":\"Contact Rentaload\",\"@id\":\"https:\\\/\\\/rentaload.com\\\/no\\\/#\\\/schema\\\/person\\\/5123ccfb4f8b4596a194765583e0a435\"},\"headline\":\"Rentaload p\u00e5 &laquo;DCW Madrid&raquo; 26. og 27. oktober\",\"datePublished\":\"2022-10-05T13:25:45+00:00\",\"dateModified\":\"2022-10-06T08:11:36+00:00\",\"mainEntityOfPage\":{\"@id\":\"https:\\\/\\\/rentaload.com\\\/no\\\/2022\\\/10\\\/05\\\/rentaload-at-the-dcw-fair-madrid-on-oktober-26-27\\\/\"},\"wordCount\":1804,\"publisher\":{\"@id\":\"https:\\\/\\\/rentaload.com\\\/no\\\/#organization\"},\"image\":{\"@id\":\"https:\\\/\\\/rentaload.com\\\/no\\\/2022\\\/10\\\/05\\\/rentaload-at-the-dcw-fair-madrid-on-oktober-26-27\\\/#primaryimage\"},\"thumbnailUrl\":\"https:\\\/\\\/rentaload.com\\\/wp-content\\\/uploads\\\/2022\\\/10\\\/data-centre-world-madrid-2022-938x540-1.jpg\",\"articleSection\":[\"Rentaload nyheter\"],\"inLanguage\":\"nb-NO\"},{\"@type\":\"WebPage\",\"@id\":\"https:\\\/\\\/rentaload.com\\\/no\\\/2022\\\/10\\\/05\\\/rentaload-at-the-dcw-fair-madrid-on-oktober-26-27\\\/\",\"url\":\"https:\\\/\\\/rentaload.com\\\/no\\\/2022\\\/10\\\/05\\\/rentaload-at-the-dcw-fair-madrid-on-oktober-26-27\\\/\",\"name\":\"RENTALOAD : Rentaload p\u00e5 \\\"DCW Madrid\\\" 26. og 27. oktober -\",\"isPartOf\":{\"@id\":\"https:\\\/\\\/rentaload.com\\\/no\\\/#website\"},\"primaryImageOfPage\":{\"@id\":\"https:\\\/\\\/rentaload.com\\\/no\\\/2022\\\/10\\\/05\\\/rentaload-at-the-dcw-fair-madrid-on-oktober-26-27\\\/#primaryimage\"},\"image\":{\"@id\":\"https:\\\/\\\/rentaload.com\\\/no\\\/2022\\\/10\\\/05\\\/rentaload-at-the-dcw-fair-madrid-on-oktober-26-27\\\/#primaryimage\"},\"thumbnailUrl\":\"https:\\\/\\\/rentaload.com\\\/wp-content\\\/uploads\\\/2022\\\/10\\\/data-centre-world-madrid-2022-938x540-1.jpg\",\"datePublished\":\"2022-10-05T13:25:45+00:00\",\"dateModified\":\"2022-10-06T08:11:36+00:00\",\"description\":\"Rentaload vil stille ut p\u00e5 Data Center World Madrid 26. og 27. oktober. Meld deg p\u00e5 og kom innom oss!\",\"inLanguage\":\"nb-NO\",\"potentialAction\":[{\"@type\":\"ReadAction\",\"target\":[\"https:\\\/\\\/rentaload.com\\\/no\\\/2022\\\/10\\\/05\\\/rentaload-at-the-dcw-fair-madrid-on-oktober-26-27\\\/\"]}]},{\"@type\":\"ImageObject\",\"inLanguage\":\"nb-NO\",\"@id\":\"https:\\\/\\\/rentaload.com\\\/no\\\/2022\\\/10\\\/05\\\/rentaload-at-the-dcw-fair-madrid-on-oktober-26-27\\\/#primaryimage\",\"url\":\"https:\\\/\\\/rentaload.com\\\/wp-content\\\/uploads\\\/2022\\\/10\\\/data-centre-world-madrid-2022-938x540-1.jpg\",\"contentUrl\":\"https:\\\/\\\/rentaload.com\\\/wp-content\\\/uploads\\\/2022\\\/10\\\/data-centre-world-madrid-2022-938x540-1.jpg\",\"width\":938,\"height\":540,\"caption\":\"Data Centre World\"},{\"@type\":\"WebSite\",\"@id\":\"https:\\\/\\\/rentaload.com\\\/no\\\/#website\",\"url\":\"https:\\\/\\\/rentaload.com\\\/no\\\/\",\"name\":\"Rentaload\",\"description\":\"Load bank hire - location banc de charge - Lastbank vermietung\",\"publisher\":{\"@id\":\"https:\\\/\\\/rentaload.com\\\/no\\\/#organization\"},\"potentialAction\":[{\"@type\":\"SearchAction\",\"target\":{\"@type\":\"EntryPoint\",\"urlTemplate\":\"https:\\\/\\\/rentaload.com\\\/no\\\/?s={search_term_string}\"},\"query-input\":{\"@type\":\"PropertyValueSpecification\",\"valueRequired\":true,\"valueName\":\"search_term_string\"}}],\"inLanguage\":\"nb-NO\"},{\"@type\":\"Organization\",\"@id\":\"https:\\\/\\\/rentaload.com\\\/no\\\/#organization\",\"name\":\"Rentaload\",\"url\":\"https:\\\/\\\/rentaload.com\\\/no\\\/\",\"logo\":{\"@type\":\"ImageObject\",\"inLanguage\":\"nb-NO\",\"@id\":\"https:\\\/\\\/rentaload.com\\\/no\\\/#\\\/schema\\\/logo\\\/image\\\/\",\"url\":\"https:\\\/\\\/rentaload.com\\\/wp-content\\\/uploads\\\/2018\\\/03\\\/rentaload-logo-location-banc-de-charge-test-louer-1.png\",\"contentUrl\":\"https:\\\/\\\/rentaload.com\\\/wp-content\\\/uploads\\\/2018\\\/03\\\/rentaload-logo-location-banc-de-charge-test-louer-1.png\",\"width\":470,\"height\":100,\"caption\":\"Rentaload\"},\"image\":{\"@id\":\"https:\\\/\\\/rentaload.com\\\/no\\\/#\\\/schema\\\/logo\\\/image\\\/\"}},{\"@type\":\"Person\",\"@id\":\"https:\\\/\\\/rentaload.com\\\/no\\\/#\\\/schema\\\/person\\\/5123ccfb4f8b4596a194765583e0a435\",\"name\":\"Contact Rentaload\",\"image\":{\"@type\":\"ImageObject\",\"inLanguage\":\"nb-NO\",\"@id\":\"https:\\\/\\\/secure.gravatar.com\\\/avatar\\\/e7f81a789400b9b2e0a20055f8f15e67de93ebf51d3981b0d248ba8ba66483d2?s=96&d=mm&r=g\",\"url\":\"https:\\\/\\\/secure.gravatar.com\\\/avatar\\\/e7f81a789400b9b2e0a20055f8f15e67de93ebf51d3981b0d248ba8ba66483d2?s=96&d=mm&r=g\",\"contentUrl\":\"https:\\\/\\\/secure.gravatar.com\\\/avatar\\\/e7f81a789400b9b2e0a20055f8f15e67de93ebf51d3981b0d248ba8ba66483d2?s=96&d=mm&r=g\",\"caption\":\"Contact Rentaload\"}}]}<\/script>\n<!-- \/ Yoast SEO plugin. -->","yoast_head_json":{"title":"RENTALOAD : Rentaload p\u00e5 \"DCW Madrid\" 26. og 27. oktober -","description":"Rentaload vil stille ut p\u00e5 Data Center World Madrid 26. og 27. oktober. Meld deg p\u00e5 og kom innom oss!","robots":{"index":"index","follow":"follow","max-snippet":"max-snippet:-1","max-image-preview":"max-image-preview:large","max-video-preview":"max-video-preview:-1"},"canonical":"https:\/\/rentaload.com\/no\/2022\/10\/05\/rentaload-at-the-dcw-fair-madrid-on-oktober-26-27\/","og_locale":"nb_NO","og_type":"article","og_title":"RENTALOAD : Rentaload p\u00e5 \"DCW Madrid\" 26. og 27. oktober -","og_description":"Rentaload vil stille ut p\u00e5 Data Center World Madrid 26. og 27. oktober. Meld deg p\u00e5 og kom innom oss!","og_url":"https:\/\/rentaload.com\/no\/2022\/10\/05\/rentaload-at-the-dcw-fair-madrid-on-oktober-26-27\/","og_site_name":"Rentaload","article_published_time":"2022-10-05T13:25:45+00:00","article_modified_time":"2022-10-06T08:11:36+00:00","og_image":[{"width":938,"height":540,"url":"https:\/\/rentaload.com\/wp-content\/uploads\/2022\/10\/data-centre-world-madrid-2022-938x540-1.jpg","type":"image\/jpeg"}],"author":"Contact Rentaload","twitter_card":"summary_large_image","twitter_misc":{"Skrevet av":"Contact Rentaload","Ansl. lesetid":"9 minutter"},"schema":{"@context":"https:\/\/schema.org","@graph":[{"@type":"Article","@id":"https:\/\/rentaload.com\/no\/2022\/10\/05\/rentaload-at-the-dcw-fair-madrid-on-oktober-26-27\/#article","isPartOf":{"@id":"https:\/\/rentaload.com\/no\/2022\/10\/05\/rentaload-at-the-dcw-fair-madrid-on-oktober-26-27\/"},"author":{"name":"Contact Rentaload","@id":"https:\/\/rentaload.com\/no\/#\/schema\/person\/5123ccfb4f8b4596a194765583e0a435"},"headline":"Rentaload p\u00e5 &laquo;DCW Madrid&raquo; 26. og 27. oktober","datePublished":"2022-10-05T13:25:45+00:00","dateModified":"2022-10-06T08:11:36+00:00","mainEntityOfPage":{"@id":"https:\/\/rentaload.com\/no\/2022\/10\/05\/rentaload-at-the-dcw-fair-madrid-on-oktober-26-27\/"},"wordCount":1804,"publisher":{"@id":"https:\/\/rentaload.com\/no\/#organization"},"image":{"@id":"https:\/\/rentaload.com\/no\/2022\/10\/05\/rentaload-at-the-dcw-fair-madrid-on-oktober-26-27\/#primaryimage"},"thumbnailUrl":"https:\/\/rentaload.com\/wp-content\/uploads\/2022\/10\/data-centre-world-madrid-2022-938x540-1.jpg","articleSection":["Rentaload nyheter"],"inLanguage":"nb-NO"},{"@type":"WebPage","@id":"https:\/\/rentaload.com\/no\/2022\/10\/05\/rentaload-at-the-dcw-fair-madrid-on-oktober-26-27\/","url":"https:\/\/rentaload.com\/no\/2022\/10\/05\/rentaload-at-the-dcw-fair-madrid-on-oktober-26-27\/","name":"RENTALOAD : Rentaload p\u00e5 \"DCW Madrid\" 26. og 27. oktober -","isPartOf":{"@id":"https:\/\/rentaload.com\/no\/#website"},"primaryImageOfPage":{"@id":"https:\/\/rentaload.com\/no\/2022\/10\/05\/rentaload-at-the-dcw-fair-madrid-on-oktober-26-27\/#primaryimage"},"image":{"@id":"https:\/\/rentaload.com\/no\/2022\/10\/05\/rentaload-at-the-dcw-fair-madrid-on-oktober-26-27\/#primaryimage"},"thumbnailUrl":"https:\/\/rentaload.com\/wp-content\/uploads\/2022\/10\/data-centre-world-madrid-2022-938x540-1.jpg","datePublished":"2022-10-05T13:25:45+00:00","dateModified":"2022-10-06T08:11:36+00:00","description":"Rentaload vil stille ut p\u00e5 Data Center World Madrid 26. og 27. oktober. Meld deg p\u00e5 og kom innom oss!","inLanguage":"nb-NO","potentialAction":[{"@type":"ReadAction","target":["https:\/\/rentaload.com\/no\/2022\/10\/05\/rentaload-at-the-dcw-fair-madrid-on-oktober-26-27\/"]}]},{"@type":"ImageObject","inLanguage":"nb-NO","@id":"https:\/\/rentaload.com\/no\/2022\/10\/05\/rentaload-at-the-dcw-fair-madrid-on-oktober-26-27\/#primaryimage","url":"https:\/\/rentaload.com\/wp-content\/uploads\/2022\/10\/data-centre-world-madrid-2022-938x540-1.jpg","contentUrl":"https:\/\/rentaload.com\/wp-content\/uploads\/2022\/10\/data-centre-world-madrid-2022-938x540-1.jpg","width":938,"height":540,"caption":"Data Centre World"},{"@type":"WebSite","@id":"https:\/\/rentaload.com\/no\/#website","url":"https:\/\/rentaload.com\/no\/","name":"Rentaload","description":"Load bank hire - location banc de charge - Lastbank vermietung","publisher":{"@id":"https:\/\/rentaload.com\/no\/#organization"},"potentialAction":[{"@type":"SearchAction","target":{"@type":"EntryPoint","urlTemplate":"https:\/\/rentaload.com\/no\/?s={search_term_string}"},"query-input":{"@type":"PropertyValueSpecification","valueRequired":true,"valueName":"search_term_string"}}],"inLanguage":"nb-NO"},{"@type":"Organization","@id":"https:\/\/rentaload.com\/no\/#organization","name":"Rentaload","url":"https:\/\/rentaload.com\/no\/","logo":{"@type":"ImageObject","inLanguage":"nb-NO","@id":"https:\/\/rentaload.com\/no\/#\/schema\/logo\/image\/","url":"https:\/\/rentaload.com\/wp-content\/uploads\/2018\/03\/rentaload-logo-location-banc-de-charge-test-louer-1.png","contentUrl":"https:\/\/rentaload.com\/wp-content\/uploads\/2018\/03\/rentaload-logo-location-banc-de-charge-test-louer-1.png","width":470,"height":100,"caption":"Rentaload"},"image":{"@id":"https:\/\/rentaload.com\/no\/#\/schema\/logo\/image\/"}},{"@type":"Person","@id":"https:\/\/rentaload.com\/no\/#\/schema\/person\/5123ccfb4f8b4596a194765583e0a435","name":"Contact Rentaload","image":{"@type":"ImageObject","inLanguage":"nb-NO","@id":"https:\/\/secure.gravatar.com\/avatar\/e7f81a789400b9b2e0a20055f8f15e67de93ebf51d3981b0d248ba8ba66483d2?s=96&d=mm&r=g","url":"https:\/\/secure.gravatar.com\/avatar\/e7f81a789400b9b2e0a20055f8f15e67de93ebf51d3981b0d248ba8ba66483d2?s=96&d=mm&r=g","contentUrl":"https:\/\/secure.gravatar.com\/avatar\/e7f81a789400b9b2e0a20055f8f15e67de93ebf51d3981b0d248ba8ba66483d2?s=96&d=mm&r=g","caption":"Contact Rentaload"}}]}},"_links":{"self":[{"href":"https:\/\/rentaload.com\/no\/wp-json\/wp\/v2\/posts\/36177","targetHints":{"allow":["GET"]}}],"collection":[{"href":"https:\/\/rentaload.com\/no\/wp-json\/wp\/v2\/posts"}],"about":[{"href":"https:\/\/rentaload.com\/no\/wp-json\/wp\/v2\/types\/post"}],"author":[{"embeddable":true,"href":"https:\/\/rentaload.com\/no\/wp-json\/wp\/v2\/users\/3"}],"replies":[{"embeddable":true,"href":"https:\/\/rentaload.com\/no\/wp-json\/wp\/v2\/comments?post=36177"}],"version-history":[{"count":4,"href":"https:\/\/rentaload.com\/no\/wp-json\/wp\/v2\/posts\/36177\/revisions"}],"predecessor-version":[{"id":36223,"href":"https:\/\/rentaload.com\/no\/wp-json\/wp\/v2\/posts\/36177\/revisions\/36223"}],"wp:featuredmedia":[{"embeddable":true,"href":"https:\/\/rentaload.com\/no\/wp-json\/wp\/v2\/media\/36167"}],"wp:attachment":[{"href":"https:\/\/rentaload.com\/no\/wp-json\/wp\/v2\/media?parent=36177"}],"wp:term":[{"taxonomy":"category","embeddable":true,"href":"https:\/\/rentaload.com\/no\/wp-json\/wp\/v2\/categories?post=36177"},{"taxonomy":"post_tag","embeddable":true,"href":"https:\/\/rentaload.com\/no\/wp-json\/wp\/v2\/tags?post=36177"}],"curies":[{"name":"wp","href":"https:\/\/api.w.org\/{rel}","templated":true}]}}