{"id":47702,"date":"2023-04-03T17:26:25","date_gmt":"2023-04-03T15:26:25","guid":{"rendered":"https:\/\/rentaload.com\/?p=47702"},"modified":"2023-04-11T13:29:40","modified_gmt":"2023-04-11T11:29:40","slug":"rentaload-at-dcg-monaco-25-27-april-2023","status":"publish","type":"post","link":"https:\/\/rentaload.com\/no\/2023\/04\/03\/rentaload-at-dcg-monaco-25-27-april-2023\/","title":{"rendered":"Rentaload p\u00e5 Datacloud Global Congress i Monaco 25.-27. april"},"content":{"rendered":"<div class=\"fusion-fullwidth fullwidth-box fusion-builder-row-1 fusion-flex-container nonhundred-percent-fullwidth non-hundred-percent-height-scrolling ctnr-simple\" style=\"--awb-border-radius-top-left:0px;--awb-border-radius-top-right:0px;--awb-border-radius-bottom-right:0px;--awb-border-radius-bottom-left:0px;--awb-flex-wrap:wrap;\" ><div class=\"fusion-builder-row fusion-row fusion-flex-align-items-flex-start fusion-flex-justify-content-center fusion-flex-content-wrap\" style=\"max-width:1144px;margin-left: calc(-4% \/ 2 );margin-right: calc(-4% \/ 2 );\"><div class=\"fusion-layout-column fusion_builder_column fusion-builder-column-0 fusion_builder_column_1_1 1_1 fusion-flex-column col-titre\" style=\"--awb-bg-size:cover;--awb-width-large:100%;--awb-margin-top-large:0px;--awb-spacing-right-large:1.92%;--awb-margin-bottom-large:20px;--awb-spacing-left-large:1.92%;--awb-width-medium:100%;--awb-order-medium:0;--awb-spacing-right-medium:1.92%;--awb-spacing-left-medium:1.92%;--awb-width-small:100%;--awb-order-small:0;--awb-spacing-right-small:1.92%;--awb-spacing-left-small:1.92%;\"><div class=\"fusion-column-wrapper fusion-column-has-shadow fusion-flex-justify-content-flex-start fusion-content-layout-column\"><div class=\"fusion-image-element \" style=\"text-align:center;--awb-margin-top:5%;--awb-margin-bottom:5%;--awb-caption-title-font-family:var(--h2_typography-font-family);--awb-caption-title-font-weight:var(--h2_typography-font-weight);--awb-caption-title-font-style:var(--h2_typography-font-style);--awb-caption-title-size:var(--h2_typography-font-size);--awb-caption-title-transform:var(--h2_typography-text-transform);--awb-caption-title-line-height:var(--h2_typography-line-height);--awb-caption-title-letter-spacing:var(--h2_typography-letter-spacing);\"><span class=\" fusion-imageframe imageframe-none imageframe-1 hover-type-none\"><a class=\"fusion-no-lightbox\" href=\"https:\/\/meetings.hubspot.com\/jordane-angot\/dcg-monaco-meet-rentaload-team\" target=\"_self\" aria-label=\"Datacloud Global Congress 2023 Sponsor card15\"><img decoding=\"async\" width=\"1600\" height=\"836\" src=\"https:\/\/rentaload.com\/wp-content\/uploads\/2023\/04\/Datacloud-Global-Congress-2023-Sponsor-card15.jpg\" alt class=\"img-responsive wp-image-47757\" srcset=\"https:\/\/rentaload.com\/wp-content\/uploads\/2023\/04\/Datacloud-Global-Congress-2023-Sponsor-card15-200x105.jpg 200w, https:\/\/rentaload.com\/wp-content\/uploads\/2023\/04\/Datacloud-Global-Congress-2023-Sponsor-card15-400x209.jpg 400w, https:\/\/rentaload.com\/wp-content\/uploads\/2023\/04\/Datacloud-Global-Congress-2023-Sponsor-card15-600x314.jpg 600w, https:\/\/rentaload.com\/wp-content\/uploads\/2023\/04\/Datacloud-Global-Congress-2023-Sponsor-card15-800x418.jpg 800w, https:\/\/rentaload.com\/wp-content\/uploads\/2023\/04\/Datacloud-Global-Congress-2023-Sponsor-card15-1200x627.jpg 1200w, https:\/\/rentaload.com\/wp-content\/uploads\/2023\/04\/Datacloud-Global-Congress-2023-Sponsor-card15.jpg 1600w\" sizes=\"(max-width: 1024px) 100vw, (max-width: 640px) 100vw, 1200px\" \/><\/a><\/span><\/div><div class=\"fusion-title title fusion-title-1 fusion-sep-none fusion-title-text fusion-title-size-three\" style=\"--awb-margin-top-small:0px;--awb-margin-right-small:0px;--awb-margin-bottom-small:20px;--awb-margin-left-small:0px;\"><h3 class=\"fusion-title-heading title-heading-left\" style=\"margin:0;\">Kom og m\u00f8t Rentaload p\u00e5 <strong>Datacloud Global Congress i Monaco<\/strong> 25.-27. april.<\/h3><\/div><div class=\"fusion-text fusion-text-1\"><p>Bli med oss <strong>25.-27. april 2023<\/strong> p\u00e5 DataCloud Global Congress i Monaco. Denne utstillingen er en utmerket mulighet til \u00e5 diskutere strategiene og retningene datasenterindustrien har tatt. DataCloud Global Congress i Monaco er en av de ledende messene i Europa for skyleverand\u00f8rer, samlokaliseringsoperat\u00f8rer, sluttbrukere av datasenter, konsulenter og utviklere. Dette er en unik mulighet til \u00e5 m\u00f8te tjenesteleverand\u00f8rer og datasenterindustrien i forkant av teknologien. Av disse grunner er Rentaload stolte av \u00e5 v\u00e6re sponsor og utstiller! Arrangementet finner sted p\u00e5 Grimaldi Forum i Monaco.<\/p>\n<p>Rentaload-teamet vil stille ut under utstillingen. Benytt anledningen til \u00e5 diskutere markedstrender for datasenter, <a href=\"https:\/\/rentaload.com\/no\/igangkjoringsveiledning\/\">testing og igangkj\u00f8ringsoptimalisering<\/a> og fremtidige planer. Vi diskuterer gjerne med deg, <strong>gj\u00f8r gjerne en avtale med oss<\/strong> ved \u00e5 klikke p\u00e5 f\u00f8lgende lenke: <a href=\"https:\/\/meetings.hubspot.com\/jordane-angot\/dcg-monaco-meet-rentaload-team\">Gj\u00f8r en avtale med Rentaload-eksperter under utstillingen.<\/a><\/p>\n<\/div><div class=\"fusion-builder-row fusion-builder-row-inner fusion-row fusion-flex-align-items-flex-start fusion-flex-justify-content-center fusion-flex-content-wrap\" style=\"--awb-flex-grow:0;--awb-flex-grow-medium:0;--awb-flex-grow-small:0;--awb-flex-shrink:0;--awb-flex-shrink-medium:0;--awb-flex-shrink-small:0;width:104% !important;max-width:104% !important;margin-left: calc(-4% \/ 2 );margin-right: calc(-4% \/ 2 );\"><div class=\"fusion-layout-column fusion_builder_column_inner fusion-builder-nested-column-0 fusion_builder_column_inner_1_3 1_3 fusion-flex-column fusion-flex-align-self-flex-start\" style=\"--awb-bg-size:cover;--awb-width-large:33.333333333333%;--awb-margin-top-large:5%;--awb-spacing-right-large:5.76%;--awb-margin-bottom-large:20px;--awb-spacing-left-large:5.76%;--awb-width-medium:100%;--awb-order-medium:0;--awb-spacing-right-medium:1.92%;--awb-spacing-left-medium:1.92%;--awb-width-small:100%;--awb-order-small:0;--awb-spacing-right-small:1.92%;--awb-spacing-left-small:1.92%;\"><div class=\"fusion-column-wrapper fusion-column-has-shadow fusion-flex-justify-content-flex-start fusion-content-layout-column\"><div style=\"text-align:center;\"><a class=\"fusion-button button-flat button-large button-default fusion-button-default button-1 fusion-button-default-span fusion-button-default-type\" target=\"_self\" href=\"https:\/\/events.broad-group.com\/event\/775ad39a-b933-4b2f-bbe5-6e0d398e085b\/regPage:5da0f83a-d3b9-4055-b0f8-03d4511218d6?utm_campaign=%5BGoogle%5D%20Data%20Cloud%20Congress%202023&amp;utm_source=search&amp;utm_medium=search&amp;utm_term=feathr&amp;utm_content=feathr&amp;cpn_id=63ea14d639b064969307c4d9&amp;e_id=6398d7d379471983cca0efc6&amp;gclid=EAIaIQobChMIqtyRhPmN_gIV7Y1oCR0czAvNEAAYASAAEgL2LfD_BwE\"><span class=\"fusion-button-text awb-button__text awb-button__text--default\">JEG REGISTRERER P\u00c5 ARRANGEMENTET<\/span><\/a><\/div><\/div><\/div><div class=\"fusion-layout-column fusion_builder_column_inner fusion-builder-nested-column-1 fusion_builder_column_inner_2_3 2_3 fusion-flex-column fusion-flex-align-self-flex-start\" style=\"--awb-bg-size:cover;--awb-width-large:66.666666666667%;--awb-margin-top-large:5%;--awb-spacing-right-large:2.88%;--awb-margin-bottom-large:20px;--awb-spacing-left-large:2.88%;--awb-width-medium:100%;--awb-order-medium:0;--awb-spacing-right-medium:1.92%;--awb-spacing-left-medium:1.92%;--awb-width-small:100%;--awb-order-small:0;--awb-spacing-right-small:1.92%;--awb-spacing-left-small:1.92%;\"><div class=\"fusion-column-wrapper fusion-column-has-shadow fusion-flex-justify-content-flex-start fusion-content-layout-column\"><div style=\"text-align:center;\"><a class=\"fusion-button button-flat button-large button-custom fusion-button-default button-2 fusion-button-default-span fusion-button-default-type\" style=\"--button_accent_color:#ffffff;--button_accent_hover_color:#ffffff;--button_border_hover_color:#ffffff;--button_gradient_top_color:#ff7720;--button_gradient_bottom_color:#ff7720;--button_gradient_top_color_hover:#db6d2b;--button_gradient_bottom_color_hover:#db6d2b;\" target=\"_self\" href=\"https:\/\/meetings.hubspot.com\/jordane-angot\/dcg-monaco-meet-rentaload-team\"><span class=\"fusion-button-text awb-button__text awb-button__text--default\">Jeg gj\u00f8r en avtale med Rentaload p\u00e5 DGC Monaco.<\/span><\/a><\/div><\/div><\/div><\/div><div class=\"fusion-title title fusion-title-2 fusion-sep-none fusion-title-text fusion-title-size-three\" style=\"--awb-margin-top:10%;--awb-margin-top-small:0px;--awb-margin-right-small:0px;--awb-margin-bottom-small:20px;--awb-margin-left-small:0px;\"><h3 class=\"fusion-title-heading title-heading-left\" style=\"margin:0;\">Hva er mulighetene som tilbys av DataCloud Global Congress i Monaco?<\/h3><\/div><div class=\"fusion-builder-row fusion-builder-row-inner fusion-row fusion-flex-align-items-flex-start fusion-flex-justify-content-center fusion-flex-content-wrap\" style=\"--awb-flex-grow:0;--awb-flex-grow-medium:0;--awb-flex-grow-small:0;--awb-flex-shrink:0;--awb-flex-shrink-medium:0;--awb-flex-shrink-small:0;width:104% !important;max-width:104% !important;margin-left: calc(-4% \/ 2 );margin-right: calc(-4% \/ 2 );\"><div class=\"fusion-layout-column fusion_builder_column_inner fusion-builder-nested-column-2 fusion_builder_column_inner_1_5 1_5 fusion-flex-column fusion-flex-align-self-center\" style=\"--awb-bg-size:cover;--awb-width-large:20%;--awb-margin-top-large:0px;--awb-spacing-right-large:9.6%;--awb-margin-bottom-large:20px;--awb-spacing-left-large:9.6%;--awb-width-medium:100%;--awb-order-medium:0;--awb-spacing-right-medium:1.92%;--awb-spacing-left-medium:1.92%;--awb-width-small:100%;--awb-order-small:0;--awb-spacing-right-small:1.92%;--awb-spacing-left-small:1.92%;\"><div class=\"fusion-column-wrapper fusion-column-has-shadow fusion-flex-justify-content-center fusion-content-layout-column\"><div class=\"fusion-image-element \" style=\"--awb-caption-title-font-family:var(--h2_typography-font-family);--awb-caption-title-font-weight:var(--h2_typography-font-weight);--awb-caption-title-font-style:var(--h2_typography-font-style);--awb-caption-title-size:var(--h2_typography-font-size);--awb-caption-title-transform:var(--h2_typography-text-transform);--awb-caption-title-line-height:var(--h2_typography-line-height);--awb-caption-title-letter-spacing:var(--h2_typography-letter-spacing);\"><span class=\" fusion-imageframe imageframe-none imageframe-2 hover-type-none\"><a class=\"fusion-no-lightbox\" href=\"https:\/\/meetings.hubspot.com\/andriy-witko\/dcn-warsaw-meet-rentaload-team\" target=\"_self\" aria-label=\"Datacloud Global Congress 2023 meet me at instagram\"><img decoding=\"async\" width=\"1080\" height=\"1080\" src=\"https:\/\/rentaload.com\/wp-content\/uploads\/2023\/04\/Datacloud-Global-Congress-2023-meet-me-at-instagram.jpg\" alt class=\"img-responsive wp-image-47749\" srcset=\"https:\/\/rentaload.com\/wp-content\/uploads\/2023\/04\/Datacloud-Global-Congress-2023-meet-me-at-instagram-200x200.jpg 200w, https:\/\/rentaload.com\/wp-content\/uploads\/2023\/04\/Datacloud-Global-Congress-2023-meet-me-at-instagram-400x400.jpg 400w, https:\/\/rentaload.com\/wp-content\/uploads\/2023\/04\/Datacloud-Global-Congress-2023-meet-me-at-instagram-600x600.jpg 600w, https:\/\/rentaload.com\/wp-content\/uploads\/2023\/04\/Datacloud-Global-Congress-2023-meet-me-at-instagram-800x800.jpg 800w, https:\/\/rentaload.com\/wp-content\/uploads\/2023\/04\/Datacloud-Global-Congress-2023-meet-me-at-instagram.jpg 1080w\" sizes=\"(max-width: 1024px) 100vw, (max-width: 640px) 100vw, 200px\" \/><\/a><\/span><\/div><\/div><\/div><div class=\"fusion-layout-column fusion_builder_column_inner fusion-builder-nested-column-3 fusion_builder_column_inner_4_5 4_5 fusion-flex-column fusion-flex-align-self-center\" style=\"--awb-bg-size:cover;--awb-width-large:80%;--awb-margin-top-large:0px;--awb-spacing-right-large:2.4%;--awb-margin-bottom-large:20px;--awb-spacing-left-large:2.4%;--awb-width-medium:100%;--awb-order-medium:0;--awb-spacing-right-medium:1.92%;--awb-spacing-left-medium:1.92%;--awb-width-small:100%;--awb-order-small:0;--awb-spacing-right-small:1.92%;--awb-spacing-left-small:1.92%;\"><div class=\"fusion-column-wrapper fusion-column-has-shadow fusion-flex-justify-content-center fusion-content-layout-column\"><div class=\"fusion-text fusion-text-2\"><p>Datacloud Global Congress er den fremste ledersamlingen for toppledere i IKT-omr\u00e5det, spesielt med fokus p\u00e5 digital infrastruktur (datasentre, skyleverand\u00f8rer, edge-leverand\u00f8rer) med finans, teknologiledere, bedrifts-, terrestriske og undersj\u00f8iske fiberleverand\u00f8rer, energiselskaper og offentlige etater som er til stede.<\/p>\n<p>&gt; <a href=\"https:\/\/events.broad-group.com\/event\/775ad39a-b933-4b2f-bbe5-6e0d398e085b\/register?utm_campaign=%5BGoogle%5D%20Data%20Cloud%20Congress%202023&amp;utm_source=search&amp;utm_medium=search&amp;utm_term=feathr&amp;utm_content=feathr&amp;cpn_id=63ea14d639b064969307c4d9&amp;e_id=6398d7d379471983cca0efc6&amp;gclid=EAIaIQobChMIqtyRhPmN_gIV7Y1oCR0czAvNEAAYASAAEgL2LfD_BwE\">Registrer deg her<\/a> .<\/p>\n<p>&gt; <a href=\"https:\/\/events.broad-group.com\/event\/775ad39a-b933-4b2f-bbe5-6e0d398e085b\/websitePage:645d57e4-75eb-4769-b2c0-f201a0bfc6ce?utm_campaign=%5BGoogle%5D%20Data%20Cloud%20Congress%202023&amp;utm_source=search&amp;utm_medium=search&amp;utm_term=feathr&amp;utm_content=feathr&amp;cpn_id=63ea14d639b064969307c4d9&amp;e_id=6398d7d379471983cca0efc6&amp;gclid=EAIaIQobChMIqtyRhPmN_gIV7Y1oCR0czAvNEAAYASAAEgL2LfD_BwE\">Se programmet<\/a> .<\/p>\n<\/div><\/div><\/div><\/div><div class=\"fusion-section-separator section-separator triangle fusion-section-separator-1\" style=\"--awb-border-bottom:1px solid #f6f6f6;--awb-spacer-height:1px;--awb-icon-color:#ffffff;--awb-margin-top:5%;--awb-margin-bottom:5%;\"><div class=\"fusion-section-separator-svg\"><div class=\"divider-candy-arrow bottom\" style=\"top:0px;border-top-color: #f6f6f6;\"><\/div><div class=\"divider-candy bottom\" style=\"bottom:-21px;border-bottom:1px solid #f6f6f6;border-left:1px solid #f6f6f6;\"><\/div><\/div><div class=\"fusion-section-separator-spacer\"><div class=\"fusion-section-separator-spacer-height\"><\/div><\/div><\/div>\n<div class=\"fusion-title title fusion-title-3 fusion-sep-none fusion-title-text fusion-title-size-three\" style=\"--awb-margin-top:10%;--awb-margin-top-small:0px;--awb-margin-right-small:0px;--awb-margin-bottom-small:20px;--awb-margin-left-small:0px;\"><h3 class=\"fusion-title-heading title-heading-left\" style=\"margin:0;\">Mer informasjon om DCN Warszawa og Rentaload<\/h3><\/div><div class=\"fusion-text fusion-text-3\"><p>Oppdag en av de st\u00f8rste samlingene av datasentereksperter og sluttbrukere. Datacloud Global Congress samler toppledere i IKT-omr\u00e5det, med fokus p\u00e5 digital infrastruktur (datasentre, skyleverand\u00f8rer, edge-leverand\u00f8rer) med finans, teknologiledere, bedrifts-, terrestriske og undersj\u00f8iske fiberleverand\u00f8rer, energiselskaper og offentlige etater til stede.<\/p>\n<p>DataCloud Global Congress er det ideelle stedet for \u00e5 diskutere neste generasjons strategier og retningen til det internasjonale datasentersamfunnet mot en mer velst\u00e5ende og b\u00e6rekraftig fremtid. Skaff deg billett til dette europeiske og internasjonale arrangementet 25.\u201327. april 2023 i Monaco.<\/p>\n<p>DataCloud Global Congress Monaco er en av <strong>\u00e5rets viktigste begivenheter i Europa.<\/strong> Den samler internasjonale IKT-infrastrukturledere, investorer, datasenterakt\u00f8rer, tjenesteleverand\u00f8rer, bedrifter, hyperskalere p\u00e5 ett sted.<\/p>\n<p>Dette tre dager lange arrangementet gir <strong>nettverksmuligheter<\/strong> . Kom i kontakt med de riktige selskapene og m\u00f8t eksperter du kan engasjere deg med, enten du leter etter det rette selskapet \u00e5 samarbeide med eller \u00f8nsker \u00e5 holde deg oppdatert p\u00e5 de siste trendene innen energiledelse, kj\u00f8ling, <a href=\"https:\/\/rentaload.com\/no\/igangkjoringsveiledning\/\">effektiv idriftsettelse<\/a> og mer.<\/p>\n<ul>\n<li><a href=\"https:\/\/events.broad-group.com\/event\/775ad39a-b933-4b2f-bbe5-6e0d398e085b\/websitePage:645d57e4-75eb-4769-b2c0-f201a0bfc6ce\">Arrangementsprogrammet;<\/a><\/li>\n<li><a href=\"https:\/\/events.broad-group.com\/event\/775ad39a-b933-4b2f-bbe5-6e0d398e085b\/websitePage:b546360f-0e47-4002-9373-2e9a82a8db4e\">Listen over taler<\/a> p\u00e5 kongressen ;<\/li>\n<li><a href=\"https:\/\/events.broad-group.com\/event\/775ad39a-b933-4b2f-bbe5-6e0d398e085b\/websitePage:a9b683ac-c168-4b87-a4be-04d9d02413e1\">Listen over deltakere<\/a><\/li>\n<li><a href=\"https:\/\/meetings.hubspot.com\/jordane-angot\/dcg-monaco-meet-rentaload-team\">Bestill time p\u00e5 utstillingen<\/a><\/li>\n<\/ul>\n<\/div><div style=\"text-align:center;\"><a class=\"fusion-button button-flat fusion-button-default-size button-default fusion-button-default button-3 fusion-button-default-span fusion-button-default-type\" target=\"_self\" href=\"https:\/\/meetings.hubspot.com\/jordane-angot\/dcg-monaco-meet-rentaload-team\"><span class=\"fusion-button-text awb-button__text awb-button__text--default\">Bestill et m\u00f8te med Rentaload-teamet i Monaco<\/span><\/a><\/div><div class=\"fusion-section-separator section-separator triangle fusion-section-separator-2\" style=\"--awb-border-bottom:1px solid #f6f6f6;--awb-spacer-height:1px;--awb-icon-color:#ffffff;--awb-margin-top:5%;--awb-margin-bottom:5%;\"><div class=\"fusion-section-separator-svg\"><div class=\"divider-candy-arrow bottom\" style=\"top:0px;border-top-color: #f6f6f6;\"><\/div><div class=\"divider-candy bottom\" style=\"bottom:-21px;border-bottom:1px solid #f6f6f6;border-left:1px solid #f6f6f6;\"><\/div><\/div><div class=\"fusion-section-separator-spacer\"><div class=\"fusion-section-separator-spacer-height\"><\/div><\/div><\/div>\n<div class=\"fusion-title title fusion-title-4 fusion-sep-none fusion-title-text fusion-title-size-three\" style=\"--awb-margin-top:20%;--awb-margin-top-small:0px;--awb-margin-right-small:0px;--awb-margin-bottom-small:20px;--awb-margin-left-small:0px;\"><h3 class=\"fusion-title-heading title-heading-left\" style=\"margin:0;\">6 grunner til \u00e5 delta p\u00e5 DataCloud Global Congress i Monaco<\/h3><\/div><ul style=\"--awb-item-padding-top:16px;--awb-item-padding-right:16px;--awb-item-padding-bottom:16px;--awb-item-padding-left:16px;--awb-odd-row-bgcolor:#ffe9e3;--awb-even-row-bgcolor:rgba(255,235,230,0.28);--awb-textcolor:var(--awb-custom14);--awb-line-height:23.8px;--awb-icon-width:23.8px;--awb-icon-height:23.8px;--awb-icon-margin:9.8px;--awb-content-margin:33.6px;--awb-circlecolor:#ff6f00;--awb-circle-yes-font-size:12.32px;\" class=\"fusion-checklist fusion-checklist-1 type-icons\"><li class=\"fusion-li-item\" style=\"\"><span class=\"icon-wrapper circle-yes\"><i class=\"fusion-li-icon awb-icon-check fas\" aria-hidden=\"true\"><\/i><\/span><div class=\"fusion-li-item-content\">\n<p>M\u00f8t mange beslutningstakere p\u00e5 h\u00f8yt niv\u00e5<\/p>\n<\/div><\/li><li class=\"fusion-li-item\" style=\"\"><span class=\"icon-wrapper circle-yes\"><i class=\"fusion-li-icon awb-icon-check fas\" aria-hidden=\"true\"><\/i><\/span><div class=\"fusion-li-item-content\">\n<p>Internasjonalt publikum, europeisk orientering<\/p>\n<\/div><\/li><li class=\"fusion-li-item\" style=\"\"><span class=\"icon-wrapper circle-yes\"><i class=\"fusion-li-icon awb-icon-check fas\" aria-hidden=\"true\"><\/i><\/span><div class=\"fusion-li-item-content\">\n<p>F\u00e5 den nyeste informasjonen fra bransjeeksperter<\/p>\n<\/div><\/li><li class=\"fusion-li-item\" style=\"\"><span class=\"icon-wrapper circle-yes\"><i class=\"fusion-li-icon awb-icon-check fas\" aria-hidden=\"true\"><\/i><\/span><div class=\"fusion-li-item-content\">\n<p>En av de viktigste teknologiske begivenhetene for bedrifter i Europa<\/p>\n<\/div><\/li><li class=\"fusion-li-item\" style=\"\"><span class=\"icon-wrapper circle-yes\"><i class=\"fusion-li-icon awb-icon-check fas\" aria-hidden=\"true\"><\/i><\/span><div class=\"fusion-li-item-content\">\n<p>Enkel tur til Monaco<\/p>\n<\/div><\/li><li class=\"fusion-li-item\" style=\"\"><span class=\"icon-wrapper circle-yes\"><i class=\"fusion-li-icon awb-icon-check fas\" aria-hidden=\"true\"><\/i><\/span><div class=\"fusion-li-item-content\">\n<p>Av sektoren, for sektoren<\/p>\n<\/div><\/li><\/ul><div class=\"fusion-section-separator section-separator triangle fusion-section-separator-3\" style=\"--awb-border-bottom:1px solid #f6f6f6;--awb-spacer-height:1px;--awb-icon-color:#ffffff;--awb-margin-top:5%;--awb-margin-bottom:5%;\"><div class=\"fusion-section-separator-svg\"><div class=\"divider-candy-arrow bottom\" style=\"top:0px;border-top-color: #f6f6f6;\"><\/div><div class=\"divider-candy bottom\" style=\"bottom:-21px;border-bottom:1px solid #f6f6f6;border-left:1px solid #f6f6f6;\"><\/div><\/div><div class=\"fusion-section-separator-spacer\"><div class=\"fusion-section-separator-spacer-height\"><\/div><\/div><\/div>\n<div class=\"fusion-title title fusion-title-5 fusion-sep-none fusion-title-text fusion-title-size-three\" style=\"--awb-margin-top:10%;--awb-margin-top-small:0px;--awb-margin-right-small:0px;--awb-margin-bottom-small:20px;--awb-margin-left-small:0px;\"><h3 class=\"fusion-title-heading title-heading-left\" style=\"margin:0;\">La oss snakke om dine forretningssp\u00f8rsm\u00e5l og hvordan vi kan hjelpe deg med \u00e5 forbedre effektiviteten i idriftsettelsesprosessen.<\/h3><\/div><!-- Start of Meetings Embed Script -->\n    <div class=\"meetings-iframe-container\" data-src=\"https:\/\/meetings.hubspot.com\/jordane-angot\/dcg-monaco-meet-rentaload-team?embed=true\"><\/div>\n    <script type=\"text\/javascript\" src=\"https:\/\/static.hsappstatic.net\/MeetingsEmbed\/ex\/MeetingsEmbedCode.js\"><\/script>\n  <!-- End of Meetings Embed Script --><div class=\"fusion-text fusion-text-4\" style=\"--awb-margin-top:5%;\"><p>Benytt anledningen til \u00e5 m\u00f8te Rentaload p\u00e5 Datacloud Global Congress i Monaco og snakk med v\u00e5re eksperter innen intelligent testing og igangkj\u00f8ring:<\/p>\n<p><a style=\"color: #ff6f00;\" href=\"https:\/\/meetings.hubspot.com\/jordane-angot\/dcg-monaco-meet-rentaload-team\">Gj\u00f8r en avtale<\/a><\/p>\n<p style=\"text-align: right;\">Vi gleder oss til \u00e5 se deg der!<\/p>\n<\/div><\/div><\/div><\/div><\/div>\n","protected":false},"excerpt":{"rendered":"","protected":false},"author":3,"featured_media":47757,"comment_status":"closed","ping_status":"open","sticky":false,"template":"","format":"standard","meta":{"footnotes":""},"categories":[1633],"tags":[],"class_list":["post-47702","post","type-post","status-publish","format-standard","has-post-thumbnail","hentry","category-rentaload-nyheter"],"yoast_head":"<!-- This site is optimized with the Yoast SEO plugin v27.4 - https:\/\/yoast.com\/product\/yoast-seo-wordpress\/ -->\n<title>Rentaload<\/title>\n<meta name=\"description\" content=\"M\u00f8t Rentaload p\u00e5 DataCloud Global Congress 25.-27. april 2023 i Monaco, en av de viktigste begivenhetene i den europeiske datasenterindustrien\" \/>\n<meta name=\"robots\" content=\"index, follow, max-snippet:-1, max-image-preview:large, max-video-preview:-1\" \/>\n<link rel=\"canonical\" href=\"https:\/\/rentaload.com\/no\/2023\/04\/03\/rentaload-at-dcg-monaco-25-27-april-2023\/\" \/>\n<meta property=\"og:locale\" content=\"nb_NO\" \/>\n<meta property=\"og:type\" content=\"article\" \/>\n<meta property=\"og:description\" content=\"M\u00f8t Rentaload p\u00e5 DataCloud Global Congress 25.-27. april 2023 i Monaco, en av de viktigste begivenhetene i den europeiske datasenterindustrien\" \/>\n<meta property=\"og:url\" content=\"https:\/\/rentaload.com\/no\/2023\/04\/03\/rentaload-at-dcg-monaco-25-27-april-2023\/\" \/>\n<meta property=\"og:site_name\" content=\"Rentaload\" \/>\n<meta property=\"article:published_time\" content=\"2023-04-03T15:26:25+00:00\" \/>\n<meta property=\"article:modified_time\" content=\"2023-04-11T11:29:40+00:00\" \/>\n<meta property=\"og:image\" content=\"https:\/\/rentaload.com\/wp-content\/uploads\/2023\/04\/Datacloud-Global-Congress-2023-Sponsor-card15.jpg\" \/>\n\t<meta property=\"og:image:width\" content=\"1600\" \/>\n\t<meta property=\"og:image:height\" content=\"836\" \/>\n\t<meta property=\"og:image:type\" content=\"image\/jpeg\" \/>\n<meta name=\"author\" content=\"Contact Rentaload\" \/>\n<meta name=\"twitter:card\" content=\"summary_large_image\" \/>\n<meta name=\"twitter:label1\" content=\"Skrevet av\" \/>\n\t<meta name=\"twitter:data1\" content=\"Contact Rentaload\" \/>\n\t<meta name=\"twitter:label2\" content=\"Ansl. lesetid\" \/>\n\t<meta name=\"twitter:data2\" content=\"26 minutter\" \/>\n<script type=\"application\/ld+json\" class=\"yoast-schema-graph\">{\"@context\":\"https:\\\/\\\/schema.org\",\"@graph\":[{\"@type\":\"Article\",\"@id\":\"https:\\\/\\\/rentaload.com\\\/no\\\/2023\\\/04\\\/03\\\/rentaload-at-dcg-monaco-25-27-april-2023\\\/#article\",\"isPartOf\":{\"@id\":\"https:\\\/\\\/rentaload.com\\\/no\\\/2023\\\/04\\\/03\\\/rentaload-at-dcg-monaco-25-27-april-2023\\\/\"},\"author\":{\"name\":\"Contact Rentaload\",\"@id\":\"https:\\\/\\\/rentaload.com\\\/no\\\/#\\\/schema\\\/person\\\/5123ccfb4f8b4596a194765583e0a435\"},\"headline\":\"Rentaload p\u00e5 Datacloud Global Congress i Monaco 25.-27. april\",\"datePublished\":\"2023-04-03T15:26:25+00:00\",\"dateModified\":\"2023-04-11T11:29:40+00:00\",\"mainEntityOfPage\":{\"@id\":\"https:\\\/\\\/rentaload.com\\\/no\\\/2023\\\/04\\\/03\\\/rentaload-at-dcg-monaco-25-27-april-2023\\\/\"},\"wordCount\":5137,\"publisher\":{\"@id\":\"https:\\\/\\\/rentaload.com\\\/no\\\/#organization\"},\"image\":{\"@id\":\"https:\\\/\\\/rentaload.com\\\/no\\\/2023\\\/04\\\/03\\\/rentaload-at-dcg-monaco-25-27-april-2023\\\/#primaryimage\"},\"thumbnailUrl\":\"https:\\\/\\\/rentaload.com\\\/wp-content\\\/uploads\\\/2023\\\/04\\\/Datacloud-Global-Congress-2023-Sponsor-card15.jpg\",\"articleSection\":[\"Rentaload nyheter\"],\"inLanguage\":\"nb-NO\"},{\"@type\":\"WebPage\",\"@id\":\"https:\\\/\\\/rentaload.com\\\/no\\\/2023\\\/04\\\/03\\\/rentaload-at-dcg-monaco-25-27-april-2023\\\/\",\"url\":\"https:\\\/\\\/rentaload.com\\\/no\\\/2023\\\/04\\\/03\\\/rentaload-at-dcg-monaco-25-27-april-2023\\\/\",\"name\":\"\",\"isPartOf\":{\"@id\":\"https:\\\/\\\/rentaload.com\\\/no\\\/#website\"},\"primaryImageOfPage\":{\"@id\":\"https:\\\/\\\/rentaload.com\\\/no\\\/2023\\\/04\\\/03\\\/rentaload-at-dcg-monaco-25-27-april-2023\\\/#primaryimage\"},\"image\":{\"@id\":\"https:\\\/\\\/rentaload.com\\\/no\\\/2023\\\/04\\\/03\\\/rentaload-at-dcg-monaco-25-27-april-2023\\\/#primaryimage\"},\"thumbnailUrl\":\"https:\\\/\\\/rentaload.com\\\/wp-content\\\/uploads\\\/2023\\\/04\\\/Datacloud-Global-Congress-2023-Sponsor-card15.jpg\",\"datePublished\":\"2023-04-03T15:26:25+00:00\",\"dateModified\":\"2023-04-11T11:29:40+00:00\",\"description\":\"M\u00f8t Rentaload p\u00e5 DataCloud Global Congress 25.-27. april 2023 i Monaco, en av de viktigste begivenhetene i den europeiske datasenterindustrien\",\"inLanguage\":\"nb-NO\",\"potentialAction\":[{\"@type\":\"ReadAction\",\"target\":[\"https:\\\/\\\/rentaload.com\\\/no\\\/2023\\\/04\\\/03\\\/rentaload-at-dcg-monaco-25-27-april-2023\\\/\"]}]},{\"@type\":\"ImageObject\",\"inLanguage\":\"nb-NO\",\"@id\":\"https:\\\/\\\/rentaload.com\\\/no\\\/2023\\\/04\\\/03\\\/rentaload-at-dcg-monaco-25-27-april-2023\\\/#primaryimage\",\"url\":\"https:\\\/\\\/rentaload.com\\\/wp-content\\\/uploads\\\/2023\\\/04\\\/Datacloud-Global-Congress-2023-Sponsor-card15.jpg\",\"contentUrl\":\"https:\\\/\\\/rentaload.com\\\/wp-content\\\/uploads\\\/2023\\\/04\\\/Datacloud-Global-Congress-2023-Sponsor-card15.jpg\",\"width\":1600,\"height\":836},{\"@type\":\"WebSite\",\"@id\":\"https:\\\/\\\/rentaload.com\\\/no\\\/#website\",\"url\":\"https:\\\/\\\/rentaload.com\\\/no\\\/\",\"name\":\"Rentaload\",\"description\":\"Load bank hire - location banc de charge - Lastbank vermietung\",\"publisher\":{\"@id\":\"https:\\\/\\\/rentaload.com\\\/no\\\/#organization\"},\"potentialAction\":[{\"@type\":\"SearchAction\",\"target\":{\"@type\":\"EntryPoint\",\"urlTemplate\":\"https:\\\/\\\/rentaload.com\\\/no\\\/?s={search_term_string}\"},\"query-input\":{\"@type\":\"PropertyValueSpecification\",\"valueRequired\":true,\"valueName\":\"search_term_string\"}}],\"inLanguage\":\"nb-NO\"},{\"@type\":\"Organization\",\"@id\":\"https:\\\/\\\/rentaload.com\\\/no\\\/#organization\",\"name\":\"Rentaload\",\"url\":\"https:\\\/\\\/rentaload.com\\\/no\\\/\",\"logo\":{\"@type\":\"ImageObject\",\"inLanguage\":\"nb-NO\",\"@id\":\"https:\\\/\\\/rentaload.com\\\/no\\\/#\\\/schema\\\/logo\\\/image\\\/\",\"url\":\"https:\\\/\\\/rentaload.com\\\/wp-content\\\/uploads\\\/2018\\\/03\\\/rentaload-logo-location-banc-de-charge-test-louer-1.png\",\"contentUrl\":\"https:\\\/\\\/rentaload.com\\\/wp-content\\\/uploads\\\/2018\\\/03\\\/rentaload-logo-location-banc-de-charge-test-louer-1.png\",\"width\":470,\"height\":100,\"caption\":\"Rentaload\"},\"image\":{\"@id\":\"https:\\\/\\\/rentaload.com\\\/no\\\/#\\\/schema\\\/logo\\\/image\\\/\"}},{\"@type\":\"Person\",\"@id\":\"https:\\\/\\\/rentaload.com\\\/no\\\/#\\\/schema\\\/person\\\/5123ccfb4f8b4596a194765583e0a435\",\"name\":\"Contact Rentaload\",\"image\":{\"@type\":\"ImageObject\",\"inLanguage\":\"nb-NO\",\"@id\":\"https:\\\/\\\/secure.gravatar.com\\\/avatar\\\/e7f81a789400b9b2e0a20055f8f15e67de93ebf51d3981b0d248ba8ba66483d2?s=96&d=mm&r=g\",\"url\":\"https:\\\/\\\/secure.gravatar.com\\\/avatar\\\/e7f81a789400b9b2e0a20055f8f15e67de93ebf51d3981b0d248ba8ba66483d2?s=96&d=mm&r=g\",\"contentUrl\":\"https:\\\/\\\/secure.gravatar.com\\\/avatar\\\/e7f81a789400b9b2e0a20055f8f15e67de93ebf51d3981b0d248ba8ba66483d2?s=96&d=mm&r=g\",\"caption\":\"Contact Rentaload\"}}]}<\/script>\n<!-- \/ Yoast SEO plugin. -->","yoast_head_json":{"title":"Rentaload","description":"M\u00f8t Rentaload p\u00e5 DataCloud Global Congress 25.-27. april 2023 i Monaco, en av de viktigste begivenhetene i den europeiske datasenterindustrien","robots":{"index":"index","follow":"follow","max-snippet":"max-snippet:-1","max-image-preview":"max-image-preview:large","max-video-preview":"max-video-preview:-1"},"canonical":"https:\/\/rentaload.com\/no\/2023\/04\/03\/rentaload-at-dcg-monaco-25-27-april-2023\/","og_locale":"nb_NO","og_type":"article","og_description":"M\u00f8t Rentaload p\u00e5 DataCloud Global Congress 25.-27. april 2023 i Monaco, en av de viktigste begivenhetene i den europeiske datasenterindustrien","og_url":"https:\/\/rentaload.com\/no\/2023\/04\/03\/rentaload-at-dcg-monaco-25-27-april-2023\/","og_site_name":"Rentaload","article_published_time":"2023-04-03T15:26:25+00:00","article_modified_time":"2023-04-11T11:29:40+00:00","og_image":[{"width":1600,"height":836,"url":"https:\/\/rentaload.com\/wp-content\/uploads\/2023\/04\/Datacloud-Global-Congress-2023-Sponsor-card15.jpg","type":"image\/jpeg"}],"author":"Contact Rentaload","twitter_card":"summary_large_image","twitter_misc":{"Skrevet av":"Contact Rentaload","Ansl. lesetid":"26 minutter"},"schema":{"@context":"https:\/\/schema.org","@graph":[{"@type":"Article","@id":"https:\/\/rentaload.com\/no\/2023\/04\/03\/rentaload-at-dcg-monaco-25-27-april-2023\/#article","isPartOf":{"@id":"https:\/\/rentaload.com\/no\/2023\/04\/03\/rentaload-at-dcg-monaco-25-27-april-2023\/"},"author":{"name":"Contact Rentaload","@id":"https:\/\/rentaload.com\/no\/#\/schema\/person\/5123ccfb4f8b4596a194765583e0a435"},"headline":"Rentaload p\u00e5 Datacloud Global Congress i Monaco 25.-27. april","datePublished":"2023-04-03T15:26:25+00:00","dateModified":"2023-04-11T11:29:40+00:00","mainEntityOfPage":{"@id":"https:\/\/rentaload.com\/no\/2023\/04\/03\/rentaload-at-dcg-monaco-25-27-april-2023\/"},"wordCount":5137,"publisher":{"@id":"https:\/\/rentaload.com\/no\/#organization"},"image":{"@id":"https:\/\/rentaload.com\/no\/2023\/04\/03\/rentaload-at-dcg-monaco-25-27-april-2023\/#primaryimage"},"thumbnailUrl":"https:\/\/rentaload.com\/wp-content\/uploads\/2023\/04\/Datacloud-Global-Congress-2023-Sponsor-card15.jpg","articleSection":["Rentaload nyheter"],"inLanguage":"nb-NO"},{"@type":"WebPage","@id":"https:\/\/rentaload.com\/no\/2023\/04\/03\/rentaload-at-dcg-monaco-25-27-april-2023\/","url":"https:\/\/rentaload.com\/no\/2023\/04\/03\/rentaload-at-dcg-monaco-25-27-april-2023\/","name":"","isPartOf":{"@id":"https:\/\/rentaload.com\/no\/#website"},"primaryImageOfPage":{"@id":"https:\/\/rentaload.com\/no\/2023\/04\/03\/rentaload-at-dcg-monaco-25-27-april-2023\/#primaryimage"},"image":{"@id":"https:\/\/rentaload.com\/no\/2023\/04\/03\/rentaload-at-dcg-monaco-25-27-april-2023\/#primaryimage"},"thumbnailUrl":"https:\/\/rentaload.com\/wp-content\/uploads\/2023\/04\/Datacloud-Global-Congress-2023-Sponsor-card15.jpg","datePublished":"2023-04-03T15:26:25+00:00","dateModified":"2023-04-11T11:29:40+00:00","description":"M\u00f8t Rentaload p\u00e5 DataCloud Global Congress 25.-27. april 2023 i Monaco, en av de viktigste begivenhetene i den europeiske datasenterindustrien","inLanguage":"nb-NO","potentialAction":[{"@type":"ReadAction","target":["https:\/\/rentaload.com\/no\/2023\/04\/03\/rentaload-at-dcg-monaco-25-27-april-2023\/"]}]},{"@type":"ImageObject","inLanguage":"nb-NO","@id":"https:\/\/rentaload.com\/no\/2023\/04\/03\/rentaload-at-dcg-monaco-25-27-april-2023\/#primaryimage","url":"https:\/\/rentaload.com\/wp-content\/uploads\/2023\/04\/Datacloud-Global-Congress-2023-Sponsor-card15.jpg","contentUrl":"https:\/\/rentaload.com\/wp-content\/uploads\/2023\/04\/Datacloud-Global-Congress-2023-Sponsor-card15.jpg","width":1600,"height":836},{"@type":"WebSite","@id":"https:\/\/rentaload.com\/no\/#website","url":"https:\/\/rentaload.com\/no\/","name":"Rentaload","description":"Load bank hire - location banc de charge - Lastbank vermietung","publisher":{"@id":"https:\/\/rentaload.com\/no\/#organization"},"potentialAction":[{"@type":"SearchAction","target":{"@type":"EntryPoint","urlTemplate":"https:\/\/rentaload.com\/no\/?s={search_term_string}"},"query-input":{"@type":"PropertyValueSpecification","valueRequired":true,"valueName":"search_term_string"}}],"inLanguage":"nb-NO"},{"@type":"Organization","@id":"https:\/\/rentaload.com\/no\/#organization","name":"Rentaload","url":"https:\/\/rentaload.com\/no\/","logo":{"@type":"ImageObject","inLanguage":"nb-NO","@id":"https:\/\/rentaload.com\/no\/#\/schema\/logo\/image\/","url":"https:\/\/rentaload.com\/wp-content\/uploads\/2018\/03\/rentaload-logo-location-banc-de-charge-test-louer-1.png","contentUrl":"https:\/\/rentaload.com\/wp-content\/uploads\/2018\/03\/rentaload-logo-location-banc-de-charge-test-louer-1.png","width":470,"height":100,"caption":"Rentaload"},"image":{"@id":"https:\/\/rentaload.com\/no\/#\/schema\/logo\/image\/"}},{"@type":"Person","@id":"https:\/\/rentaload.com\/no\/#\/schema\/person\/5123ccfb4f8b4596a194765583e0a435","name":"Contact Rentaload","image":{"@type":"ImageObject","inLanguage":"nb-NO","@id":"https:\/\/secure.gravatar.com\/avatar\/e7f81a789400b9b2e0a20055f8f15e67de93ebf51d3981b0d248ba8ba66483d2?s=96&d=mm&r=g","url":"https:\/\/secure.gravatar.com\/avatar\/e7f81a789400b9b2e0a20055f8f15e67de93ebf51d3981b0d248ba8ba66483d2?s=96&d=mm&r=g","contentUrl":"https:\/\/secure.gravatar.com\/avatar\/e7f81a789400b9b2e0a20055f8f15e67de93ebf51d3981b0d248ba8ba66483d2?s=96&d=mm&r=g","caption":"Contact Rentaload"}}]}},"_links":{"self":[{"href":"https:\/\/rentaload.com\/no\/wp-json\/wp\/v2\/posts\/47702","targetHints":{"allow":["GET"]}}],"collection":[{"href":"https:\/\/rentaload.com\/no\/wp-json\/wp\/v2\/posts"}],"about":[{"href":"https:\/\/rentaload.com\/no\/wp-json\/wp\/v2\/types\/post"}],"author":[{"embeddable":true,"href":"https:\/\/rentaload.com\/no\/wp-json\/wp\/v2\/users\/3"}],"replies":[{"embeddable":true,"href":"https:\/\/rentaload.com\/no\/wp-json\/wp\/v2\/comments?post=47702"}],"version-history":[{"count":5,"href":"https:\/\/rentaload.com\/no\/wp-json\/wp\/v2\/posts\/47702\/revisions"}],"predecessor-version":[{"id":47796,"href":"https:\/\/rentaload.com\/no\/wp-json\/wp\/v2\/posts\/47702\/revisions\/47796"}],"wp:featuredmedia":[{"embeddable":true,"href":"https:\/\/rentaload.com\/no\/wp-json\/wp\/v2\/media\/47757"}],"wp:attachment":[{"href":"https:\/\/rentaload.com\/no\/wp-json\/wp\/v2\/media?parent=47702"}],"wp:term":[{"taxonomy":"category","embeddable":true,"href":"https:\/\/rentaload.com\/no\/wp-json\/wp\/v2\/categories?post=47702"},{"taxonomy":"post_tag","embeddable":true,"href":"https:\/\/rentaload.com\/no\/wp-json\/wp\/v2\/tags?post=47702"}],"curies":[{"name":"wp","href":"https:\/\/api.w.org\/{rel}","templated":true}]}}